{"id":1252,"date":"2006-12-15T08:40:17","date_gmt":"2006-12-15T07:40:17","guid":{"rendered":"http:\/\/heijbel.wordpress.com\/2006\/12\/15\/ikea-toppar-fortroendeligan"},"modified":"2006-12-15T08:40:17","modified_gmt":"2006-12-15T07:40:17","slug":"ikea-toppar-fortroendeligan","status":"publish","type":"post","link":"https:\/\/storytellers.se\/?p=1252","title":{"rendered":"Ikea toppar f\u00f6rtroendeligan"},"content":{"rendered":"<p>N\u00e4r Medieakademin i G\u00f6teborg nyligen presenterade den senaste m\u00e4tningen av svenska folkets f\u00f6rtroende f\u00f6r f\u00f6retag och organisationer hamnade Ikea i topp. F\u00f6re Sveriges Radio, riksdagen, Volvo, Svenska Kyrkan och alla andra. Till och med f\u00f6re&#8230;<\/p>\n<p><!--more--><br \/>\n&#8230;universitet och h\u00f6gskolor.<br \/>\nDet \u00e4r ju egentligen fullst\u00e4ndigt sansl\u00f6st.<br \/>\nMin reflektion blir f\u00f6rst\u00e5s att ber\u00e4ttelserna \u00e4r en viktig del i framg\u00e5ngen. De flesta av oss kan ber\u00e4tta om Ikea p\u00e5 olika s\u00e4tt. Inte minst traderar vi Ikeas f\u00f6retagsfolklore, den tydligaste f\u00f6retagsfolkloren i Sverige,  i form av bland annat Kampradstories.<br \/>\nOm hur Kamprad fr\u00e5n The Scottland of Sweden gjorde kortare pennor f\u00f6r att f\u00e5 dubelt s\u00e5 m\u00e5nga, skruvade av benen p\u00e5 borden f\u00f6r att f\u00e5 in dem i Volvon, \u00e5ker kommunalt till sina resm\u00e5l och s\u00e5 vidare.<br \/>\nDet \u00e4r ber\u00e4ttelser om v\u00e4rderingar och kultur. Inte om m\u00f6blerna, de finns ju klockrent samlade i katalogen. Vi som ber\u00e4ttar kultur- och v\u00e4rderingsber\u00e4ttelserna &#8211; som Ikea l\u00f6pande levererar &#8211; g\u00f6r det gratis som Ikeaambassad\u00f6rer.<br \/>\nF\u00f6r att f\u00e5 oss att ber\u00e4tta m\u00e5ste allts\u00e5 Ikea leverera ber\u00e4ttelser vilket man ocks\u00e5 g\u00f6r oerh\u00f6rt professionellt och systematiskt. D\u00e4r finns s\u00e4kert en del av f\u00f6rklaringen till att svenska folket s\u00e4tter Ikea h\u00f6gst i f\u00f6rtroendem\u00e4tningarna.<br \/>\nIkea har n\u00e4stan 100.000 anst\u00e4llda och \u00e4r ett j\u00e4ttef\u00f6retag. Men alla andra kan f\u00f6rst\u00e5s ocks\u00e5 reflektera \u00f6ver sina ber\u00e4ttelser. Vill vi p\u00e5verka ber\u00e4ttandet om den egna organisationen s\u00e5 f\u00e5r vi g\u00f6ra heml\u00e4xan f\u00f6rst. Samla de sanna ber\u00e4ttelserna och s\u00e4tta dem i arbete.<br \/>\nDet \u00e4r vad man g\u00f6r om man \u00e4r corporate storyteller-medveten. F\u00f6r detta finns metoder och m\u00f6jliga strategier.<br \/>\nSe f\u00f6rtroendelistan h\u00e4r: <a href=\"http:\/\/www.fb.se\/medieakademin\/dbfiles\/51.pdf\">http:\/\/www.fb.se<\/a><\/p>\n","protected":false},"excerpt":{"rendered":"<p>N\u00e4r Medieakademin i G\u00f6teborg nyligen presenterade den senaste m\u00e4tningen av svenska folkets f\u00f6rtroende f\u00f6r f\u00f6retag och organisationer hamnade Ikea i topp. F\u00f6re Sveriges Radio, riksdagen, Volvo, Svenska Kyrkan och alla andra. Till och med f\u00f6re&#8230;<\/p>\n","protected":false},"author":2,"featured_media":0,"comment_status":"open","ping_status":"closed","sticky":false,"template":"","format":"standard","meta":[],"categories":[2],"tags":[],"_links":{"self":[{"href":"https:\/\/storytellers.se\/index.php?rest_route=\/wp\/v2\/posts\/1252"}],"collection":[{"href":"https:\/\/storytellers.se\/index.php?rest_route=\/wp\/v2\/posts"}],"about":[{"href":"https:\/\/storytellers.se\/index.php?rest_route=\/wp\/v2\/types\/post"}],"author":[{"embeddable":true,"href":"https:\/\/storytellers.se\/index.php?rest_route=\/wp\/v2\/users\/2"}],"replies":[{"embeddable":true,"href":"https:\/\/storytellers.se\/index.php?rest_route=%2Fwp%2Fv2%2Fcomments&post=1252"}],"version-history":[{"count":0,"href":"https:\/\/storytellers.se\/index.php?rest_route=\/wp\/v2\/posts\/1252\/revisions"}],"wp:attachment":[{"href":"https:\/\/storytellers.se\/index.php?rest_route=%2Fwp%2Fv2%2Fmedia&parent=1252"}],"wp:term":[{"taxonomy":"category","embeddable":true,"href":"https:\/\/storytellers.se\/index.php?rest_route=%2Fwp%2Fv2%2Fcategories&post=1252"},{"taxonomy":"post_tag","embeddable":true,"href":"https:\/\/storytellers.se\/index.php?rest_route=%2Fwp%2Fv2%2Ftags&post=1252"}],"curies":[{"name":"wp","href":"https:\/\/api.w.org\/{rel}","templated":true}]}}