{"id":1248,"date":"2006-12-11T16:26:28","date_gmt":"2006-12-11T15:26:28","guid":{"rendered":"http:\/\/heijbel.wordpress.com\/2006\/12\/11\/energimyndighetens-stories"},"modified":"2006-12-11T16:26:28","modified_gmt":"2006-12-11T15:26:28","slug":"energimyndighetens-stories","status":"publish","type":"post","link":"https:\/\/storytellers.se\/?p=1248","title":{"rendered":"Energimyndighetens stories"},"content":{"rendered":"<p>I morgon har jag en seminariedag med drygt 20 personer fr\u00e5n Energimyndigheten. Det \u00e4r dels informationsm\u00e4nniskor, dels medarbetare fr\u00e5n avdelningen f\u00f6r Kommersialisering och aff\u00e4rsutveckling som ska f\u00e5 tillf\u00e4lle att reflektera&#8230;<\/p>\n<p><!--more--><br \/>\n&#8230;\u00f6ver sina ber\u00e4ttelser. Detta \u00e4r \u00e4nnu ett exempel p\u00e5 att en myndighet vill befolka sitt varum\u00e4rke och exemplifiera sin verksamhet och sina v\u00e4rden med sanna ber\u00e4ttelser fr\u00e5n den egna verkligheten.<br \/>\nVi hoppas redan denna dag kunna genomf\u00f6ra en f\u00f6rsta mindre sk\u00f6rd som sen kan f\u00f6rpackas dramaturgiskt och s\u00e4ttas i arbete.<\/p>\n","protected":false},"excerpt":{"rendered":"<p>I morgon har jag en seminariedag med drygt 20 personer fr\u00e5n Energimyndigheten. Det \u00e4r dels informationsm\u00e4nniskor, dels medarbetare fr\u00e5n avdelningen f\u00f6r Kommersialisering och aff\u00e4rsutveckling som ska f\u00e5 tillf\u00e4lle att reflektera&#8230;<\/p>\n","protected":false},"author":2,"featured_media":0,"comment_status":"open","ping_status":"closed","sticky":false,"template":"","format":"standard","meta":[],"categories":[9],"tags":[],"_links":{"self":[{"href":"https:\/\/storytellers.se\/index.php?rest_route=\/wp\/v2\/posts\/1248"}],"collection":[{"href":"https:\/\/storytellers.se\/index.php?rest_route=\/wp\/v2\/posts"}],"about":[{"href":"https:\/\/storytellers.se\/index.php?rest_route=\/wp\/v2\/types\/post"}],"author":[{"embeddable":true,"href":"https:\/\/storytellers.se\/index.php?rest_route=\/wp\/v2\/users\/2"}],"replies":[{"embeddable":true,"href":"https:\/\/storytellers.se\/index.php?rest_route=%2Fwp%2Fv2%2Fcomments&post=1248"}],"version-history":[{"count":0,"href":"https:\/\/storytellers.se\/index.php?rest_route=\/wp\/v2\/posts\/1248\/revisions"}],"wp:attachment":[{"href":"https:\/\/storytellers.se\/index.php?rest_route=%2Fwp%2Fv2%2Fmedia&parent=1248"}],"wp:term":[{"taxonomy":"category","embeddable":true,"href":"https:\/\/storytellers.se\/index.php?rest_route=%2Fwp%2Fv2%2Fcategories&post=1248"},{"taxonomy":"post_tag","embeddable":true,"href":"https:\/\/storytellers.se\/index.php?rest_route=%2Fwp%2Fv2%2Ftags&post=1248"}],"curies":[{"name":"wp","href":"https:\/\/api.w.org\/{rel}","templated":true}]}}