{"id":1242,"date":"2006-12-06T11:54:13","date_gmt":"2006-12-06T10:54:13","guid":{"rendered":"http:\/\/heijbel.wordpress.com\/2006\/12\/06\/ladda-produkter"},"modified":"2006-12-06T11:54:13","modified_gmt":"2006-12-06T10:54:13","slug":"ladda-produkter","status":"publish","type":"post","link":"https:\/\/storytellers.se\/?p=1242","title":{"rendered":"Ladda produkter"},"content":{"rendered":"<p>I dag talar jag om att addera v\u00e4rden till produkter med hj\u00e4lp av ber\u00e4ttelser. Det sker i Stockholm vid en f\u00f6rdjupningseftermiddag p\u00e5 IBC Euroforums konferens Framg\u00e5ngsrik produktlansering. I en rundabords-workshop delar ocks\u00e5 deltagande f\u00f6retag med sig av sina erfarenheter p\u00e5 omr\u00e5det.<\/p>\n","protected":false},"excerpt":{"rendered":"<p>I dag talar jag om att addera v\u00e4rden till produkter med hj\u00e4lp av ber\u00e4ttelser. Det sker i Stockholm vid en f\u00f6rdjupningseftermiddag p\u00e5 IBC Euroforums konferens Framg\u00e5ngsrik produktlansering. I en rundabords-workshop delar ocks\u00e5 deltagande f\u00f6retag med sig av sina erfarenheter p\u00e5 omr\u00e5det.<\/p>\n","protected":false},"author":2,"featured_media":0,"comment_status":"open","ping_status":"closed","sticky":false,"template":"","format":"standard","meta":[],"categories":[9],"tags":[],"_links":{"self":[{"href":"https:\/\/storytellers.se\/index.php?rest_route=\/wp\/v2\/posts\/1242"}],"collection":[{"href":"https:\/\/storytellers.se\/index.php?rest_route=\/wp\/v2\/posts"}],"about":[{"href":"https:\/\/storytellers.se\/index.php?rest_route=\/wp\/v2\/types\/post"}],"author":[{"embeddable":true,"href":"https:\/\/storytellers.se\/index.php?rest_route=\/wp\/v2\/users\/2"}],"replies":[{"embeddable":true,"href":"https:\/\/storytellers.se\/index.php?rest_route=%2Fwp%2Fv2%2Fcomments&post=1242"}],"version-history":[{"count":0,"href":"https:\/\/storytellers.se\/index.php?rest_route=\/wp\/v2\/posts\/1242\/revisions"}],"wp:attachment":[{"href":"https:\/\/storytellers.se\/index.php?rest_route=%2Fwp%2Fv2%2Fmedia&parent=1242"}],"wp:term":[{"taxonomy":"category","embeddable":true,"href":"https:\/\/storytellers.se\/index.php?rest_route=%2Fwp%2Fv2%2Fcategories&post=1242"},{"taxonomy":"post_tag","embeddable":true,"href":"https:\/\/storytellers.se\/index.php?rest_route=%2Fwp%2Fv2%2Ftags&post=1242"}],"curies":[{"name":"wp","href":"https:\/\/api.w.org\/{rel}","templated":true}]}}