{"id":1238,"date":"2006-12-01T11:43:56","date_gmt":"2006-12-01T10:43:56","guid":{"rendered":"http:\/\/heijbel.wordpress.com\/2006\/12\/01\/tydlig-poang-det-viktiga"},"modified":"2006-12-01T11:43:56","modified_gmt":"2006-12-01T10:43:56","slug":"tydlig-poang-det-viktiga","status":"publish","type":"post","link":"https:\/\/storytellers.se\/?p=1238","title":{"rendered":"Tydlig po\u00e4ng det viktiga"},"content":{"rendered":"<p>Fr\u00e5ga:<br \/>\nM\u00e5ste ber\u00e4ttelserna alltid associeras till den person som ursprungligen kom med ber\u00e4ttelsen? Kanske finns det individer i organisationen som inte vill se sina namn eller ansikten varken p\u00e5 webb eller trycksaker.<br \/>\nSvar:<br \/>\nNej d\u00e5. Det \u00e4r inte det som \u00e4r det viktiga i varje l\u00e4ge. Vissa ber\u00e4ttelser \u00e4r f\u00f6rst\u00e5s&#8230;<\/p>\n<p><!--more--><br \/>\n&#8230;personber\u00e4ttelser d\u00e4r det \u00e4r en po\u00e4ng men namn och ansikte. Men oftast \u00e4r det s\u00e5 att en person l\u00e5nar ut sin story till varum\u00e4rket. D\u00e4remot \u00e4r det en verklig styrka i att det man s\u00e4ger faktiskt st\u00e4mmer, att det kommer fr\u00e5n verkligheten, att det har h\u00e4nt. Det \u00e4r d\u00e4r trov\u00e4rdigheten ligger i Corporate Storytelling.<br \/>\nMan vill ju g\u00e4rna att en story ska sprida sig och leva. \u00c4r det d\u00e5 f\u00f6r m\u00e5nga fakta kring namn, datum, siffror och s\u00e5nt s\u00e5 blir det sv\u00e5rare att ge ber\u00e4ttelsen vingar eftersom folk inte kan l\u00e4ra sig allt s\u00e5nt.<br \/>\nEn enkel ber\u00e4ttelse med tydlig po\u00e4ng rekommenderas allts\u00e5. Namn och nummer \u00e4r mindre viktigt.<\/p>\n","protected":false},"excerpt":{"rendered":"<p>Fr\u00e5ga: M\u00e5ste ber\u00e4ttelserna alltid associeras till den person som ursprungligen kom med ber\u00e4ttelsen? Kanske finns det individer i organisationen som inte vill se sina namn eller ansikten varken p\u00e5 webb eller trycksaker. Svar: Nej d\u00e5. Det \u00e4r inte det som \u00e4r det viktiga i varje l\u00e4ge. Vissa ber\u00e4ttelser \u00e4r f\u00f6rst\u00e5s&#8230;<\/p>\n","protected":false},"author":2,"featured_media":0,"comment_status":"open","ping_status":"closed","sticky":false,"template":"","format":"standard","meta":[],"categories":[6],"tags":[],"_links":{"self":[{"href":"https:\/\/storytellers.se\/index.php?rest_route=\/wp\/v2\/posts\/1238"}],"collection":[{"href":"https:\/\/storytellers.se\/index.php?rest_route=\/wp\/v2\/posts"}],"about":[{"href":"https:\/\/storytellers.se\/index.php?rest_route=\/wp\/v2\/types\/post"}],"author":[{"embeddable":true,"href":"https:\/\/storytellers.se\/index.php?rest_route=\/wp\/v2\/users\/2"}],"replies":[{"embeddable":true,"href":"https:\/\/storytellers.se\/index.php?rest_route=%2Fwp%2Fv2%2Fcomments&post=1238"}],"version-history":[{"count":0,"href":"https:\/\/storytellers.se\/index.php?rest_route=\/wp\/v2\/posts\/1238\/revisions"}],"wp:attachment":[{"href":"https:\/\/storytellers.se\/index.php?rest_route=%2Fwp%2Fv2%2Fmedia&parent=1238"}],"wp:term":[{"taxonomy":"category","embeddable":true,"href":"https:\/\/storytellers.se\/index.php?rest_route=%2Fwp%2Fv2%2Fcategories&post=1238"},{"taxonomy":"post_tag","embeddable":true,"href":"https:\/\/storytellers.se\/index.php?rest_route=%2Fwp%2Fv2%2Ftags&post=1238"}],"curies":[{"name":"wp","href":"https:\/\/api.w.org\/{rel}","templated":true}]}}