{"id":1228,"date":"2006-11-20T10:27:26","date_gmt":"2006-11-20T09:27:26","guid":{"rendered":"http:\/\/heijbel.wordpress.com\/2006\/11\/20\/vastra-gotalandsregionen"},"modified":"2006-11-20T10:27:26","modified_gmt":"2006-11-20T09:27:26","slug":"vastra-gotalandsregionen","status":"publish","type":"post","link":"https:\/\/storytellers.se\/?p=1228","title":{"rendered":"V\u00e4stra G\u00f6talandsregionen"},"content":{"rendered":"<p>24 november deltar jag i V\u00e4stra G\u00f6talandsregionens informat\u00f6rsn\u00e4tverkstr\u00e4ff i G\u00f6teborg. Det handlar d\u00e5 om att arbeta med den gemensamma regionidentiteten och min uppgift \u00e4r att visa hur man kan dra nytta av ber\u00e4ttelser fr\u00e5n verkligheten i detta arbete.<\/p>\n","protected":false},"excerpt":{"rendered":"<p>24 november deltar jag i V\u00e4stra G\u00f6talandsregionens informat\u00f6rsn\u00e4tverkstr\u00e4ff i G\u00f6teborg. Det handlar d\u00e5 om att arbeta med den gemensamma regionidentiteten och min uppgift \u00e4r att visa hur man kan dra nytta av ber\u00e4ttelser fr\u00e5n verkligheten i detta arbete.<\/p>\n","protected":false},"author":2,"featured_media":0,"comment_status":"open","ping_status":"closed","sticky":false,"template":"","format":"standard","meta":[],"categories":[9],"tags":[],"_links":{"self":[{"href":"https:\/\/storytellers.se\/index.php?rest_route=\/wp\/v2\/posts\/1228"}],"collection":[{"href":"https:\/\/storytellers.se\/index.php?rest_route=\/wp\/v2\/posts"}],"about":[{"href":"https:\/\/storytellers.se\/index.php?rest_route=\/wp\/v2\/types\/post"}],"author":[{"embeddable":true,"href":"https:\/\/storytellers.se\/index.php?rest_route=\/wp\/v2\/users\/2"}],"replies":[{"embeddable":true,"href":"https:\/\/storytellers.se\/index.php?rest_route=%2Fwp%2Fv2%2Fcomments&post=1228"}],"version-history":[{"count":0,"href":"https:\/\/storytellers.se\/index.php?rest_route=\/wp\/v2\/posts\/1228\/revisions"}],"wp:attachment":[{"href":"https:\/\/storytellers.se\/index.php?rest_route=%2Fwp%2Fv2%2Fmedia&parent=1228"}],"wp:term":[{"taxonomy":"category","embeddable":true,"href":"https:\/\/storytellers.se\/index.php?rest_route=%2Fwp%2Fv2%2Fcategories&post=1228"},{"taxonomy":"post_tag","embeddable":true,"href":"https:\/\/storytellers.se\/index.php?rest_route=%2Fwp%2Fv2%2Ftags&post=1228"}],"curies":[{"name":"wp","href":"https:\/\/api.w.org\/{rel}","templated":true}]}}