{"id":1226,"date":"2006-11-19T14:51:43","date_gmt":"2006-11-19T13:51:43","guid":{"rendered":"http:\/\/heijbel.wordpress.com\/2006\/11\/19\/storytelling-i-ostersund"},"modified":"2006-11-19T14:51:43","modified_gmt":"2006-11-19T13:51:43","slug":"storytelling-i-ostersund","status":"publish","type":"post","link":"https:\/\/storytellers.se\/?p=1226","title":{"rendered":"Storytelling i \u00d6stersund"},"content":{"rendered":"<p>Turismforum 2006 h\u00e5lls i \u00d6stersund den 21 november. D\u00e5 kommer jag att tala om Corporate Storytelling p\u00e5 f\u00f6rmiddagen och Erik Nissen Johansen kommer p\u00e5 eftermiddagen att tala om uppdiktade historier. Anders \u00d6string, VD f\u00f6r Ramundbergets Alpina, kommer att ber\u00e4tta om hur de la upp sin story. Temat f\u00f6r dagen \u00e4r allts\u00e5&#8230;<\/p>\n<p><!--more--><br \/>\n&#8230;storytelling under den samlade rubriken: Storytelling, konsten att s\u00e4lja mera med en ber\u00e4ttelse.<br \/>\nDetta \u00e4r f\u00f6rsta g\u00e5ngen vi f\u00f6rel\u00e4ser tillsammans, Erik Nissen Johansen och jag.<br \/>\nErik Nissen Johansens reklambyr\u00e5 Stylt Trampoli har storytelling som en av sina specialiteter. Det handlar d\u00e5 fr\u00e4mst om att skapa ber\u00e4ttelser som kan anv\u00e4ndas inom hotell- och restaurangbranschen. De diktar tillsammans med sina kunder ihop historier till hela koncept d\u00e4r allt g\u00e5r hand i hand och skapar upplevelser.<br \/>\nM\u00e5nga sp\u00e4nnande ber\u00e4ttelser har spridits med hj\u00e4lp av Stylt Trampolis installationer och historier.<br \/>\nMin uppgift som Corporate Storyteller blir att f\u00f6rklara v\u00e4rdet av att anv\u00e4nda de sanna ber\u00e4ttelserna h\u00e4mtade ur verkligheten och s\u00e4tta just dem i arbete. Argumentera f\u00f6r att verkligheten duger. Lite olika perspektiv allts\u00e5 trots att b\u00e5da metoderna brukar ben\u00e4mnas storytelling.<br \/>\nDetta rymmer i och f\u00f6r sig ingen mots\u00e4ttning utan \u00e4r helt enkelt tv\u00e5 skilda perspektiv p\u00e5 kommersiellt ber\u00e4ttande.<br \/>\nDet \u00e4r just det som Turismforum 2006 velat visa. Diktade ber\u00e4ttelser kontra ber\u00e4ttelser fr\u00e5n den vanliga verkligheten. Tv\u00e5 olika s\u00e4tt att arbeta med s\u00e5 kallad storyelling.<br \/>\nCirka 130 personer har hittills anm\u00e4lt sig till konferensen som h\u00e5lls i Gamla Teatern i \u00d6stersund. <a href=\"http:\/\/www.ostersund.se\/download\/18.378638ff10e199b3d1780005062\/Storytelling.pdf\">http:\/\/ostersund.se<\/a><\/p>\n","protected":false},"excerpt":{"rendered":"<p>Turismforum 2006 h\u00e5lls i \u00d6stersund den 21 november. D\u00e5 kommer jag att tala om Corporate Storytelling p\u00e5 f\u00f6rmiddagen och Erik Nissen Johansen kommer p\u00e5 eftermiddagen att tala om uppdiktade historier. Anders \u00d6string, VD f\u00f6r Ramundbergets Alpina, kommer att ber\u00e4tta om hur de la upp sin story. Temat f\u00f6r dagen \u00e4r allts\u00e5&#8230;<\/p>\n","protected":false},"author":2,"featured_media":0,"comment_status":"open","ping_status":"closed","sticky":false,"template":"","format":"standard","meta":[],"categories":[9],"tags":[],"_links":{"self":[{"href":"https:\/\/storytellers.se\/index.php?rest_route=\/wp\/v2\/posts\/1226"}],"collection":[{"href":"https:\/\/storytellers.se\/index.php?rest_route=\/wp\/v2\/posts"}],"about":[{"href":"https:\/\/storytellers.se\/index.php?rest_route=\/wp\/v2\/types\/post"}],"author":[{"embeddable":true,"href":"https:\/\/storytellers.se\/index.php?rest_route=\/wp\/v2\/users\/2"}],"replies":[{"embeddable":true,"href":"https:\/\/storytellers.se\/index.php?rest_route=%2Fwp%2Fv2%2Fcomments&post=1226"}],"version-history":[{"count":0,"href":"https:\/\/storytellers.se\/index.php?rest_route=\/wp\/v2\/posts\/1226\/revisions"}],"wp:attachment":[{"href":"https:\/\/storytellers.se\/index.php?rest_route=%2Fwp%2Fv2%2Fmedia&parent=1226"}],"wp:term":[{"taxonomy":"category","embeddable":true,"href":"https:\/\/storytellers.se\/index.php?rest_route=%2Fwp%2Fv2%2Fcategories&post=1226"},{"taxonomy":"post_tag","embeddable":true,"href":"https:\/\/storytellers.se\/index.php?rest_route=%2Fwp%2Fv2%2Ftags&post=1226"}],"curies":[{"name":"wp","href":"https:\/\/api.w.org\/{rel}","templated":true}]}}