{"id":1220,"date":"2006-11-17T12:07:42","date_gmt":"2006-11-17T11:07:42","guid":{"rendered":"http:\/\/heijbel.wordpress.com\/2006\/11\/17\/blivande-larare"},"modified":"2006-11-17T12:07:42","modified_gmt":"2006-11-17T11:07:42","slug":"blivande-larare","status":"publish","type":"post","link":"https:\/\/storytellers.se\/?p=1220","title":{"rendered":"Blivande l\u00e4rare"},"content":{"rendered":"<p>I dag hade jag undervisning om emotionellt ber\u00e4ttande f\u00f6r blivande l\u00e4rare fr\u00e5n L\u00e4rarh\u00f6gskolan i Stockholm. De verkade sv\u00e4ltf\u00f6dda p\u00e5 detta. Obegripligt att pedagogisk utbildning inte sj\u00e4lvklart reflekterar \u00f6ver det personliga emotionella ber\u00e4ttandet i l\u00e4rarsituationen. Det \u00e4r ju s\u00e5 man \u00f6verf\u00f6r v\u00e4rderingar och upplevelser.<\/p>\n","protected":false},"excerpt":{"rendered":"<p>I dag hade jag undervisning om emotionellt ber\u00e4ttande f\u00f6r blivande l\u00e4rare fr\u00e5n L\u00e4rarh\u00f6gskolan i Stockholm. De verkade sv\u00e4ltf\u00f6dda p\u00e5 detta. Obegripligt att pedagogisk utbildning inte sj\u00e4lvklart reflekterar \u00f6ver det personliga emotionella ber\u00e4ttandet i l\u00e4rarsituationen. Det \u00e4r ju s\u00e5 man \u00f6verf\u00f6r v\u00e4rderingar och upplevelser.<\/p>\n","protected":false},"author":2,"featured_media":0,"comment_status":"open","ping_status":"closed","sticky":false,"template":"","format":"standard","meta":[],"categories":[2],"tags":[],"_links":{"self":[{"href":"https:\/\/storytellers.se\/index.php?rest_route=\/wp\/v2\/posts\/1220"}],"collection":[{"href":"https:\/\/storytellers.se\/index.php?rest_route=\/wp\/v2\/posts"}],"about":[{"href":"https:\/\/storytellers.se\/index.php?rest_route=\/wp\/v2\/types\/post"}],"author":[{"embeddable":true,"href":"https:\/\/storytellers.se\/index.php?rest_route=\/wp\/v2\/users\/2"}],"replies":[{"embeddable":true,"href":"https:\/\/storytellers.se\/index.php?rest_route=%2Fwp%2Fv2%2Fcomments&post=1220"}],"version-history":[{"count":0,"href":"https:\/\/storytellers.se\/index.php?rest_route=\/wp\/v2\/posts\/1220\/revisions"}],"wp:attachment":[{"href":"https:\/\/storytellers.se\/index.php?rest_route=%2Fwp%2Fv2%2Fmedia&parent=1220"}],"wp:term":[{"taxonomy":"category","embeddable":true,"href":"https:\/\/storytellers.se\/index.php?rest_route=%2Fwp%2Fv2%2Fcategories&post=1220"},{"taxonomy":"post_tag","embeddable":true,"href":"https:\/\/storytellers.se\/index.php?rest_route=%2Fwp%2Fv2%2Ftags&post=1220"}],"curies":[{"name":"wp","href":"https:\/\/api.w.org\/{rel}","templated":true}]}}