{"id":1216,"date":"2006-11-15T10:19:49","date_gmt":"2006-11-15T09:19:49","guid":{"rendered":"http:\/\/heijbel.wordpress.com\/2006\/11\/15\/berattelsens-kraft"},"modified":"2006-11-15T10:19:49","modified_gmt":"2006-11-15T09:19:49","slug":"berattelsens-kraft","status":"publish","type":"post","link":"https:\/\/storytellers.se\/?p=1216","title":{"rendered":"Ber\u00e4ttelsens kraft"},"content":{"rendered":"<p>F\u00f6retagens och organisationernas dagliga verksamhet kommuniceras och beskrivs dagligen av m\u00e4nniskorna p\u00e5 ett helt naturligt s\u00e4tt med hj\u00e4lp av ber\u00e4ttelser. Vare sig vi t\u00e4nker p\u00e5 det eller inte. S\u00e5 har det varit i alla tider. Det \u00e4r ett uttryck f\u00f6r att vi&#8230;<\/p>\n<p><!--more--><br \/>\n&#8230;\u00e4r m\u00e4nniskor.<br \/>\nBer\u00e4ttelserna kan vara positiva och inspirerande eller negativa och destruktiva inf\u00f6r den framtid som m\u00e4nniskorna ska dela. Ber\u00e4ttelserna \u00e4r d\u00e4rmed en viktig kraft i formandet av framtiden. De \u00e4r med och bygger v\u00e5rt \u00f6de.<br \/>\nVi ska allts\u00e5 inse v\u00e4rdet och kraften i ber\u00e4ttelserna.<br \/>\nPrecis som v\u00e5ra f\u00f6rf\u00e4der ville skydda sitt arv och peka ut en v\u00e4g mot framtiden n\u00e4r de satt kring l\u00e4gerelden s\u00e5 b\u00f6r ledarna g\u00f6ra det i dag i v\u00e5ra f\u00f6retag och organisationer bland annat med hj\u00e4lp av de viktigaste ber\u00e4ttelserna.<br \/>\nHar man den insikten och tar detta p\u00e5 allvar s\u00e5 ska man f\u00f6rst\u00e5s reflektera \u00f6ver vilka ber\u00e4ttelser som \u00e4r viktigast f\u00f6r att visa var vi kommer ifr\u00e5n, vart vi befinner oss i dag och vart vi \u00e4r p\u00e5 v\u00e4g.<br \/>\nKunskap och v\u00e4rderingar kan speglas i ber\u00e4ttelserna, n\u00e5got som varje ledare borde reflektera \u00f6ver.<br \/>\nSen \u00e4r det bara att b\u00f6rja sk\u00f6rda och f\u00f6rpacka dem och s\u00e4tta organisationens viktigaste ber\u00e4ttelser i arbete.<br \/>\nF\u00f6rst\u00e5r man detta s\u00e5 f\u00f6rst\u00e5r man sig p\u00e5 Corporate Storytelling och \u00e4r CS-medveten.<\/p>\n","protected":false},"excerpt":{"rendered":"<p>F\u00f6retagens och organisationernas dagliga verksamhet kommuniceras och beskrivs dagligen av m\u00e4nniskorna p\u00e5 ett helt naturligt s\u00e4tt med hj\u00e4lp av ber\u00e4ttelser. Vare sig vi t\u00e4nker p\u00e5 det eller inte. S\u00e5 har det varit i alla tider. Det \u00e4r ett uttryck f\u00f6r att vi&#8230;<\/p>\n","protected":false},"author":2,"featured_media":0,"comment_status":"open","ping_status":"closed","sticky":false,"template":"","format":"standard","meta":[],"categories":[2],"tags":[],"_links":{"self":[{"href":"https:\/\/storytellers.se\/index.php?rest_route=\/wp\/v2\/posts\/1216"}],"collection":[{"href":"https:\/\/storytellers.se\/index.php?rest_route=\/wp\/v2\/posts"}],"about":[{"href":"https:\/\/storytellers.se\/index.php?rest_route=\/wp\/v2\/types\/post"}],"author":[{"embeddable":true,"href":"https:\/\/storytellers.se\/index.php?rest_route=\/wp\/v2\/users\/2"}],"replies":[{"embeddable":true,"href":"https:\/\/storytellers.se\/index.php?rest_route=%2Fwp%2Fv2%2Fcomments&post=1216"}],"version-history":[{"count":0,"href":"https:\/\/storytellers.se\/index.php?rest_route=\/wp\/v2\/posts\/1216\/revisions"}],"wp:attachment":[{"href":"https:\/\/storytellers.se\/index.php?rest_route=%2Fwp%2Fv2%2Fmedia&parent=1216"}],"wp:term":[{"taxonomy":"category","embeddable":true,"href":"https:\/\/storytellers.se\/index.php?rest_route=%2Fwp%2Fv2%2Fcategories&post=1216"},{"taxonomy":"post_tag","embeddable":true,"href":"https:\/\/storytellers.se\/index.php?rest_route=%2Fwp%2Fv2%2Ftags&post=1216"}],"curies":[{"name":"wp","href":"https:\/\/api.w.org\/{rel}","templated":true}]}}