{"id":1208,"date":"2006-11-11T14:55:58","date_gmt":"2006-11-11T13:55:58","guid":{"rendered":"http:\/\/heijbel.wordpress.com\/2006\/11\/11\/produktstorytelling"},"modified":"2006-11-11T14:55:58","modified_gmt":"2006-11-11T13:55:58","slug":"produktstorytelling","status":"publish","type":"post","link":"https:\/\/storytellers.se\/?p=1208","title":{"rendered":"Produktstorytelling"},"content":{"rendered":"<p>Framg\u00e5ngsrik produktlansering heter ett seminarium som IBC Euroforum h\u00e5ller i Stockholm 5-6 december. Dag tv\u00e5, p\u00e5 eftermiddagen, har jag ansvaret f\u00f6r ett f\u00f6rdjupningspass som man kan g\u00e5 p\u00e5 separat om man vill&#8230;<\/p>\n<p><!--more--><br \/>\n&#8230;d\u00e4r kommer jag att tala om hur man kan l\u00e4gga merv\u00e4rden till produkter och tj\u00e4nster genom att ber\u00e4tta en story fr\u00e5n verkligheten.<br \/>\nVi kommer ocks\u00e5 att varva med diskussioner d\u00e4r vi diskuterar och s\u00f6ker de n\u00e4rvarandes egna organisations- och eller produktber\u00e4ttelser. Den som vill kan allts\u00e5 \u2013 frivilligt \u2013 testa om han eller hon har n\u00e5gon fungerande merv\u00e4rdesber\u00e4ttelse som kanske kan s\u00e4ttas i arbete i den egna organisationen\/f\u00f6retaget.<br \/>\nS\u00e5 h\u00e4r presenteras jag inf\u00f6r seminariet:<br \/>\n&#8221; Matts Heijbel \u00e4r journalist och f\u00f6rfattare med socialantropologisk bakgrund. Han \u00e4r Sveriges ledande expert p\u00e5 hur ber\u00e4ttelser anv\u00e4nds inom n\u00e4ringslivet och driver f\u00f6retaget Storytellers.se. Han har i flera \u00e5r arbetat med b\u00e5de f\u00f6retag och myndigheter inom omr\u00e5det Corporate Storytelling. Matts har ocks\u00e5 lagt upp och genomf\u00f6rt de f\u00f6rsta universitetsutbildningarna inom denna nya sp\u00e4nnande disciplin.&#8221;<br \/>\nL\u00e4s mer h\u00e4r: <a href=\"http:\/\/www.ibceuroforum.se\/engis\/controller.jsp?template=printerfriendly&amp;view=product&amp;product_id=20001448160&amp;product_language_id=20000001131&amp;infopage=PROG&amp;returnurl=%26product_language_id%3D20000001131%26view%3Dproduct%26product_id%3D20001448160%26infopage%3DPROG\">http:\/\/ibceuroforum.se<\/a><\/p>\n","protected":false},"excerpt":{"rendered":"<p>Framg\u00e5ngsrik produktlansering heter ett seminarium som IBC Euroforum h\u00e5ller i Stockholm 5-6 december. Dag tv\u00e5, p\u00e5 eftermiddagen, har jag ansvaret f\u00f6r ett f\u00f6rdjupningspass som man kan g\u00e5 p\u00e5 separat om man vill&#8230;<\/p>\n","protected":false},"author":2,"featured_media":0,"comment_status":"open","ping_status":"closed","sticky":false,"template":"","format":"standard","meta":[],"categories":[9],"tags":[],"_links":{"self":[{"href":"https:\/\/storytellers.se\/index.php?rest_route=\/wp\/v2\/posts\/1208"}],"collection":[{"href":"https:\/\/storytellers.se\/index.php?rest_route=\/wp\/v2\/posts"}],"about":[{"href":"https:\/\/storytellers.se\/index.php?rest_route=\/wp\/v2\/types\/post"}],"author":[{"embeddable":true,"href":"https:\/\/storytellers.se\/index.php?rest_route=\/wp\/v2\/users\/2"}],"replies":[{"embeddable":true,"href":"https:\/\/storytellers.se\/index.php?rest_route=%2Fwp%2Fv2%2Fcomments&post=1208"}],"version-history":[{"count":0,"href":"https:\/\/storytellers.se\/index.php?rest_route=\/wp\/v2\/posts\/1208\/revisions"}],"wp:attachment":[{"href":"https:\/\/storytellers.se\/index.php?rest_route=%2Fwp%2Fv2%2Fmedia&parent=1208"}],"wp:term":[{"taxonomy":"category","embeddable":true,"href":"https:\/\/storytellers.se\/index.php?rest_route=%2Fwp%2Fv2%2Fcategories&post=1208"},{"taxonomy":"post_tag","embeddable":true,"href":"https:\/\/storytellers.se\/index.php?rest_route=%2Fwp%2Fv2%2Ftags&post=1208"}],"curies":[{"name":"wp","href":"https:\/\/api.w.org\/{rel}","templated":true}]}}