{"id":1204,"date":"2006-11-09T09:14:26","date_gmt":"2006-11-09T08:14:26","guid":{"rendered":"http:\/\/heijbel.wordpress.com\/2006\/11\/09\/kth-lockas-av-storytelling"},"modified":"2006-11-09T09:14:26","modified_gmt":"2006-11-09T08:14:26","slug":"kth-lockas-av-storytelling","status":"publish","type":"post","link":"https:\/\/storytellers.se\/?p=1204","title":{"rendered":"KTH lockas av storytelling"},"content":{"rendered":"<p>Kungliga Tekniska H\u00f6gskolan I Stockholm har flera g\u00e5nger anlitat mig i Corporate Storytellingsammanhang. I dag \u00e4r det dags f\u00f6r ett g\u00e4ng samh\u00e4llsbyggarstudenter att f\u00e5 tr\u00e4na kommunikation med emotionella inslag&#8230;<\/p>\n<p><!--more--><br \/>\n,,,tanken \u00e4r att de ska kunna s\u00e4lja in exempelvis en projektplan \u00f6ver ett t\u00e4nkt bostadsomr\u00e5de med befolkade visionsber\u00e4ttelser eller med hj\u00e4lp av ber\u00e4ttelser om de projektansvarigas egna insikter under arbetet med att ta fram sitt f\u00f6rslag.<br \/>\nDetta handlar om att p\u00e5verka och \u00f6ppna lyssnarnas emotionella sinnen innan de projektansvarigas kartor och ritningar tar \u00f6ver med sin logiska faktakultur.<br \/>\nS\u00e5nt f\u00f6rst\u00e5r faktiskt studenterna direkt, bara man s\u00e4tter dem p\u00e5 sp\u00e5ret.<\/p>\n","protected":false},"excerpt":{"rendered":"<p>Kungliga Tekniska H\u00f6gskolan I Stockholm har flera g\u00e5nger anlitat mig i Corporate Storytellingsammanhang. I dag \u00e4r det dags f\u00f6r ett g\u00e4ng samh\u00e4llsbyggarstudenter att f\u00e5 tr\u00e4na kommunikation med emotionella inslag&#8230;<\/p>\n","protected":false},"author":2,"featured_media":0,"comment_status":"open","ping_status":"closed","sticky":false,"template":"","format":"standard","meta":[],"categories":[9],"tags":[],"_links":{"self":[{"href":"https:\/\/storytellers.se\/index.php?rest_route=\/wp\/v2\/posts\/1204"}],"collection":[{"href":"https:\/\/storytellers.se\/index.php?rest_route=\/wp\/v2\/posts"}],"about":[{"href":"https:\/\/storytellers.se\/index.php?rest_route=\/wp\/v2\/types\/post"}],"author":[{"embeddable":true,"href":"https:\/\/storytellers.se\/index.php?rest_route=\/wp\/v2\/users\/2"}],"replies":[{"embeddable":true,"href":"https:\/\/storytellers.se\/index.php?rest_route=%2Fwp%2Fv2%2Fcomments&post=1204"}],"version-history":[{"count":0,"href":"https:\/\/storytellers.se\/index.php?rest_route=\/wp\/v2\/posts\/1204\/revisions"}],"wp:attachment":[{"href":"https:\/\/storytellers.se\/index.php?rest_route=%2Fwp%2Fv2%2Fmedia&parent=1204"}],"wp:term":[{"taxonomy":"category","embeddable":true,"href":"https:\/\/storytellers.se\/index.php?rest_route=%2Fwp%2Fv2%2Fcategories&post=1204"},{"taxonomy":"post_tag","embeddable":true,"href":"https:\/\/storytellers.se\/index.php?rest_route=%2Fwp%2Fv2%2Ftags&post=1204"}],"curies":[{"name":"wp","href":"https:\/\/api.w.org\/{rel}","templated":true}]}}