{"id":1202,"date":"2006-11-08T13:16:13","date_gmt":"2006-11-08T12:16:13","guid":{"rendered":"http:\/\/heijbel.wordpress.com\/2006\/11\/08\/konferens-for-foretag-organisationer"},"modified":"2006-11-08T13:16:13","modified_gmt":"2006-11-08T12:16:13","slug":"konferens-for-foretag-organisationer","status":"publish","type":"post","link":"https:\/\/storytellers.se\/?p=1202","title":{"rendered":"Konferens f\u00f6r f\u00f6retag &amp; organisationer"},"content":{"rendered":"<p>Den 22-23 november blir det en riktigt sp\u00e4nnande Corporate Storytellingkonferens i Stockholm. Som moderator och talare kommer jag att ha n\u00f6jet att presentera bland andra Bo Str\u00f6mstedt, professor Miriam Salzer-M\u00f6rling och Mathias Gullbrandson fr\u00e5n The Story Lab. Plus en rad praktikexempel. Se sj\u00e4lv: <a href=\"http:\/\/www.euroforum.net\/engis\/controller.jsp?view=product&amp;product_id=20001405472\">http:\/\/euroforum.net<\/a><\/p>\n","protected":false},"excerpt":{"rendered":"<p>Den 22-23 november blir det en riktigt sp\u00e4nnande Corporate Storytellingkonferens i Stockholm. Som moderator och talare kommer jag att ha n\u00f6jet att presentera bland andra Bo Str\u00f6mstedt, professor Miriam Salzer-M\u00f6rling och Mathias Gullbrandson fr\u00e5n The Story Lab. Plus en rad praktikexempel. Se sj\u00e4lv: http:\/\/euroforum.net<\/p>\n","protected":false},"author":2,"featured_media":0,"comment_status":"open","ping_status":"closed","sticky":false,"template":"","format":"standard","meta":[],"categories":[9],"tags":[],"_links":{"self":[{"href":"https:\/\/storytellers.se\/index.php?rest_route=\/wp\/v2\/posts\/1202"}],"collection":[{"href":"https:\/\/storytellers.se\/index.php?rest_route=\/wp\/v2\/posts"}],"about":[{"href":"https:\/\/storytellers.se\/index.php?rest_route=\/wp\/v2\/types\/post"}],"author":[{"embeddable":true,"href":"https:\/\/storytellers.se\/index.php?rest_route=\/wp\/v2\/users\/2"}],"replies":[{"embeddable":true,"href":"https:\/\/storytellers.se\/index.php?rest_route=%2Fwp%2Fv2%2Fcomments&post=1202"}],"version-history":[{"count":0,"href":"https:\/\/storytellers.se\/index.php?rest_route=\/wp\/v2\/posts\/1202\/revisions"}],"wp:attachment":[{"href":"https:\/\/storytellers.se\/index.php?rest_route=%2Fwp%2Fv2%2Fmedia&parent=1202"}],"wp:term":[{"taxonomy":"category","embeddable":true,"href":"https:\/\/storytellers.se\/index.php?rest_route=%2Fwp%2Fv2%2Fcategories&post=1202"},{"taxonomy":"post_tag","embeddable":true,"href":"https:\/\/storytellers.se\/index.php?rest_route=%2Fwp%2Fv2%2Ftags&post=1202"}],"curies":[{"name":"wp","href":"https:\/\/api.w.org\/{rel}","templated":true}]}}