{"id":1190,"date":"2006-10-25T22:07:59","date_gmt":"2006-10-25T21:07:59","guid":{"rendered":"http:\/\/heijbel.wordpress.com\/2006\/10\/25\/nagra-platser-kvar"},"modified":"2006-10-25T22:07:59","modified_gmt":"2006-10-25T21:07:59","slug":"nagra-platser-kvar","status":"publish","type":"post","link":"https:\/\/storytellers.se\/?p=1190","title":{"rendered":"N\u00e5gra platser kvar"},"content":{"rendered":"<p>Boka torsdagen den 2 november d\u00e5 det \u00e4r dags f\u00f6r Storyfrukost igen p\u00e5 Hornsgatan 52&#8230;<\/p>\n<p><!--more--><br \/>\n&#8230;Vid Storyfrukostarna samlas en grupp f\u00f6ranm\u00e4lda storyintresserade i ett litet konferensrum vid Hornsgatan. Jag, Matts Heijbel, ber\u00e4ttar om Corporate Storytelling och senaste nytt p\u00e5 storyfronten. Jag svarar ocks\u00e5 p\u00e5 fr\u00e5gor.<br \/>\nFrukosten \u00e4r mellan 08.00-09.00 och jag stannar en stund efter\u00e5t om det \u00e4r n\u00e5gon som vill diskutera vidare. Anm\u00e4l dig p\u00e5 storyfrukost@storytellers.se s\u00e5 \u00e5terkommer jag med en inbjudan. Vi debiterar 250 sek per person f\u00f6r fika och omkostnader.<\/p>\n","protected":false},"excerpt":{"rendered":"<p>Boka torsdagen den 2 november d\u00e5 det \u00e4r dags f\u00f6r Storyfrukost igen p\u00e5 Hornsgatan 52&#8230;<\/p>\n","protected":false},"author":2,"featured_media":0,"comment_status":"open","ping_status":"closed","sticky":false,"template":"","format":"standard","meta":[],"categories":[9],"tags":[],"_links":{"self":[{"href":"https:\/\/storytellers.se\/index.php?rest_route=\/wp\/v2\/posts\/1190"}],"collection":[{"href":"https:\/\/storytellers.se\/index.php?rest_route=\/wp\/v2\/posts"}],"about":[{"href":"https:\/\/storytellers.se\/index.php?rest_route=\/wp\/v2\/types\/post"}],"author":[{"embeddable":true,"href":"https:\/\/storytellers.se\/index.php?rest_route=\/wp\/v2\/users\/2"}],"replies":[{"embeddable":true,"href":"https:\/\/storytellers.se\/index.php?rest_route=%2Fwp%2Fv2%2Fcomments&post=1190"}],"version-history":[{"count":0,"href":"https:\/\/storytellers.se\/index.php?rest_route=\/wp\/v2\/posts\/1190\/revisions"}],"wp:attachment":[{"href":"https:\/\/storytellers.se\/index.php?rest_route=%2Fwp%2Fv2%2Fmedia&parent=1190"}],"wp:term":[{"taxonomy":"category","embeddable":true,"href":"https:\/\/storytellers.se\/index.php?rest_route=%2Fwp%2Fv2%2Fcategories&post=1190"},{"taxonomy":"post_tag","embeddable":true,"href":"https:\/\/storytellers.se\/index.php?rest_route=%2Fwp%2Fv2%2Ftags&post=1190"}],"curies":[{"name":"wp","href":"https:\/\/api.w.org\/{rel}","templated":true}]}}