{"id":1188,"date":"2006-10-23T16:20:17","date_gmt":"2006-10-23T15:20:17","guid":{"rendered":"http:\/\/heijbel.wordpress.com\/2006\/10\/23\/projektets-framgangssaga"},"modified":"2006-10-23T16:20:17","modified_gmt":"2006-10-23T15:20:17","slug":"projektets-framgangssaga","status":"publish","type":"post","link":"https:\/\/storytellers.se\/?p=1188","title":{"rendered":"Projektets framg\u00e5ngssaga"},"content":{"rendered":"<p>I morgon ska jag h\u00e5lla ett seminarium f\u00f6r 22 kvinnor och en man som alla \u00e4r projektledare i olika j\u00e4mst\u00e4lldhetsprojekt i Stockholms l\u00e4n&#8230;<\/p>\n<p><!--more--><br \/>\n&#8230;det handlar om en kompetensutvecklingstr\u00e4ff om hur organisationer kan h\u00e5llas samman och utvecklas med hj\u00e4lp av sina ber\u00e4ttelser. Ber\u00e4ttelserna \u00e4r en del av organisationens kulturkapital.<br \/>\nVad s\u00e4ger projektledarna n\u00e4r n\u00e5gon fr\u00e5gar om deras projekt? Eller n\u00e4r de s\u00f6ker pengar? Har de koll p\u00e5 sina viktigaste sanna framg\u00e5ngssagor?<br \/>\nDagen l\u00e4ggs upp som en vanlig seminariedag med inspirationsf\u00f6rel\u00e4sningar, exempel, diskussioner och en workshop i grupper. Innan dagen \u00e4r slut hoppas vi ha kunnat sk\u00f6rda n\u00e5gra riktigt bra j\u00e4mst\u00e4lldhetsstories.<\/p>\n","protected":false},"excerpt":{"rendered":"<p>I morgon ska jag h\u00e5lla ett seminarium f\u00f6r 22 kvinnor och en man som alla \u00e4r projektledare i olika j\u00e4mst\u00e4lldhetsprojekt i Stockholms l\u00e4n&#8230;<\/p>\n","protected":false},"author":2,"featured_media":0,"comment_status":"open","ping_status":"closed","sticky":false,"template":"","format":"standard","meta":[],"categories":[2],"tags":[],"_links":{"self":[{"href":"https:\/\/storytellers.se\/index.php?rest_route=\/wp\/v2\/posts\/1188"}],"collection":[{"href":"https:\/\/storytellers.se\/index.php?rest_route=\/wp\/v2\/posts"}],"about":[{"href":"https:\/\/storytellers.se\/index.php?rest_route=\/wp\/v2\/types\/post"}],"author":[{"embeddable":true,"href":"https:\/\/storytellers.se\/index.php?rest_route=\/wp\/v2\/users\/2"}],"replies":[{"embeddable":true,"href":"https:\/\/storytellers.se\/index.php?rest_route=%2Fwp%2Fv2%2Fcomments&post=1188"}],"version-history":[{"count":0,"href":"https:\/\/storytellers.se\/index.php?rest_route=\/wp\/v2\/posts\/1188\/revisions"}],"wp:attachment":[{"href":"https:\/\/storytellers.se\/index.php?rest_route=%2Fwp%2Fv2%2Fmedia&parent=1188"}],"wp:term":[{"taxonomy":"category","embeddable":true,"href":"https:\/\/storytellers.se\/index.php?rest_route=%2Fwp%2Fv2%2Fcategories&post=1188"},{"taxonomy":"post_tag","embeddable":true,"href":"https:\/\/storytellers.se\/index.php?rest_route=%2Fwp%2Fv2%2Ftags&post=1188"}],"curies":[{"name":"wp","href":"https:\/\/api.w.org\/{rel}","templated":true}]}}