{"id":1186,"date":"2006-10-22T14:22:12","date_gmt":"2006-10-22T13:22:12","guid":{"rendered":"http:\/\/heijbel.wordpress.com\/2006\/10\/22\/konsten-att-salja"},"modified":"2006-10-22T14:22:12","modified_gmt":"2006-10-22T13:22:12","slug":"konsten-att-salja","status":"publish","type":"post","link":"https:\/\/storytellers.se\/?p=1186","title":{"rendered":"Konsten att s\u00e4lja"},"content":{"rendered":"<p>Storytelling, konsten att s\u00e4lja med en ber\u00e4ttelse. S\u00e5 rubriceras programmet p\u00e5 Turismforum 2006 den 21 november i \u00d6stersund. Jag, Matts Heijbel och Erik Nissen Johansen kommer att medverka&#8230;<\/p>\n<p><!--more--><br \/>\nDet \u00e4r J\u00e4mtland H\u00e4rjedalen Turism och Marknadsf\u00f6reningen i J\u00e4mtland H\u00e4rjedalen som ordnat arrangemanget i Gamla Teatern.<br \/>\nJag kommer att ber\u00e4tta om storytellingen som ett s\u00e4tt att sk\u00f6rda verkliga ber\u00e4ttelser ur organisationen och verkligheten och s\u00e4tta dem i arbete. Jag kommer att ge exempel fr\u00e5n f\u00f6retag och organisationer som jag arbetar med.<br \/>\nErik Nissen Johansen kommer enligt programmet att tala om storytellingen som ett s\u00e4tt att dikta ihop historier till hela koncept d\u00e4r allt g\u00e5r hand i hand.<br \/>\nAnders \u00d6string, VD vid Ramundbergets Alpina, kommer att ber\u00e4tta om sin anl\u00e4ggnings &#8221;story&#8221; s\u00e5 som de tagit fram den tillsammans med Erik Nissen Johansens f\u00f6retag Stylt Trampoli.<br \/>\nR\u00e4tt valda och r\u00e4tt framf\u00f6rda ber\u00e4ttelser kan bli din hj\u00e4lp att h\u00f6ja kvalit\u00e9n p\u00e5 det du g\u00f6r, skriver arrang\u00f6rerna i programmet.<br \/>\nAnm\u00e4l dig p\u00e5 <a href=\"http:\/\/www.jamtland.se\/storytelling\">http:\/\/jamtland.se<\/a> eller ring Anne Adsten 063-104435.<\/p>\n","protected":false},"excerpt":{"rendered":"<p>Storytelling, konsten att s\u00e4lja med en ber\u00e4ttelse. S\u00e5 rubriceras programmet p\u00e5 Turismforum 2006 den 21 november i \u00d6stersund. Jag, Matts Heijbel och Erik Nissen Johansen kommer att medverka&#8230;<\/p>\n","protected":false},"author":2,"featured_media":0,"comment_status":"open","ping_status":"closed","sticky":false,"template":"","format":"standard","meta":[],"categories":[9],"tags":[],"_links":{"self":[{"href":"https:\/\/storytellers.se\/index.php?rest_route=\/wp\/v2\/posts\/1186"}],"collection":[{"href":"https:\/\/storytellers.se\/index.php?rest_route=\/wp\/v2\/posts"}],"about":[{"href":"https:\/\/storytellers.se\/index.php?rest_route=\/wp\/v2\/types\/post"}],"author":[{"embeddable":true,"href":"https:\/\/storytellers.se\/index.php?rest_route=\/wp\/v2\/users\/2"}],"replies":[{"embeddable":true,"href":"https:\/\/storytellers.se\/index.php?rest_route=%2Fwp%2Fv2%2Fcomments&post=1186"}],"version-history":[{"count":0,"href":"https:\/\/storytellers.se\/index.php?rest_route=\/wp\/v2\/posts\/1186\/revisions"}],"wp:attachment":[{"href":"https:\/\/storytellers.se\/index.php?rest_route=%2Fwp%2Fv2%2Fmedia&parent=1186"}],"wp:term":[{"taxonomy":"category","embeddable":true,"href":"https:\/\/storytellers.se\/index.php?rest_route=%2Fwp%2Fv2%2Fcategories&post=1186"},{"taxonomy":"post_tag","embeddable":true,"href":"https:\/\/storytellers.se\/index.php?rest_route=%2Fwp%2Fv2%2Ftags&post=1186"}],"curies":[{"name":"wp","href":"https:\/\/api.w.org\/{rel}","templated":true}]}}