{"id":1182,"date":"2006-10-17T21:53:28","date_gmt":"2006-10-17T20:53:28","guid":{"rendered":"http:\/\/heijbel.wordpress.com\/2006\/10\/17\/proppfullt-varumarkesmote"},"modified":"2006-10-17T21:53:28","modified_gmt":"2006-10-17T20:53:28","slug":"proppfullt-varumarkesmote","status":"publish","type":"post","link":"https:\/\/storytellers.se\/?p=1182","title":{"rendered":"Proppfullt varum\u00e4rkesm\u00f6te"},"content":{"rendered":"<p>I kv\u00e4ll hade Informationsf\u00f6reningens Erfagrupp Varum\u00e4rke storytellingseminarium hos Essen i Stockholm. Det var s\u00e5 m\u00e5nga som anm\u00e4lt sig att arrang\u00f6rerna var tvungna att dra streck eftersom det blev proppfullt vid drygt 70 personer&#8230;<\/p>\n<p><!--more--><br \/>\n&#8230;Nytt rekord i dessa sammanhang. Jag h\u00f6ll kv\u00e4llen som allts\u00e5 helt handlade om Corporate Storytelling och intresset \u00e4r uppenbarligen st\u00f6rre \u00e4n n\u00e5gonsin hos informat\u00f6rerna. Det \u00e4r fascinerande och gl\u00e4djande.<br \/>\nJag brukar h\u00e4vda att det \u00e4r obegripligt att inte alla f\u00f6retag och organisationer h\u00e5ller p\u00e5 med detta. Att vi i Sverige fortfarande \u00e4r n\u00e5got av ett u-land n\u00e4r det g\u00e4ller organisationsber\u00e4ttande.<br \/>\nNu finns tydliga tecken p\u00e5 att lavinen kommer. N\u00e5got som f\u00f6rst\u00e5s gl\u00e4der mig som arbetat mycket f\u00f6r detta. Men jag tror det finns en anledning att vara renl\u00e4rig. Med det menar jag att man ska fokusera ber\u00e4ttelser sk\u00f6rdade ur verkligheten, dramaturgiskt bearbetade och satta i arbete.<br \/>\nKontakta g\u00e4rna Storytellers om du vill ha en f\u00f6rel\u00e4sning eller om ni vill ha ig\u00e5ng ett CS-projekt p\u00e5 just din arbetplats.<\/p>\n","protected":false},"excerpt":{"rendered":"<p>I kv\u00e4ll hade Informationsf\u00f6reningens Erfagrupp Varum\u00e4rke storytellingseminarium hos Essen i Stockholm. Det var s\u00e5 m\u00e5nga som anm\u00e4lt sig att arrang\u00f6rerna var tvungna att dra streck eftersom det blev proppfullt vid drygt 70 personer&#8230;<\/p>\n","protected":false},"author":2,"featured_media":0,"comment_status":"open","ping_status":"closed","sticky":false,"template":"","format":"standard","meta":[],"categories":[2],"tags":[],"_links":{"self":[{"href":"https:\/\/storytellers.se\/index.php?rest_route=\/wp\/v2\/posts\/1182"}],"collection":[{"href":"https:\/\/storytellers.se\/index.php?rest_route=\/wp\/v2\/posts"}],"about":[{"href":"https:\/\/storytellers.se\/index.php?rest_route=\/wp\/v2\/types\/post"}],"author":[{"embeddable":true,"href":"https:\/\/storytellers.se\/index.php?rest_route=\/wp\/v2\/users\/2"}],"replies":[{"embeddable":true,"href":"https:\/\/storytellers.se\/index.php?rest_route=%2Fwp%2Fv2%2Fcomments&post=1182"}],"version-history":[{"count":0,"href":"https:\/\/storytellers.se\/index.php?rest_route=\/wp\/v2\/posts\/1182\/revisions"}],"wp:attachment":[{"href":"https:\/\/storytellers.se\/index.php?rest_route=%2Fwp%2Fv2%2Fmedia&parent=1182"}],"wp:term":[{"taxonomy":"category","embeddable":true,"href":"https:\/\/storytellers.se\/index.php?rest_route=%2Fwp%2Fv2%2Fcategories&post=1182"},{"taxonomy":"post_tag","embeddable":true,"href":"https:\/\/storytellers.se\/index.php?rest_route=%2Fwp%2Fv2%2Ftags&post=1182"}],"curies":[{"name":"wp","href":"https:\/\/api.w.org\/{rel}","templated":true}]}}