{"id":1180,"date":"2006-10-15T11:25:25","date_gmt":"2006-10-15T10:25:25","guid":{"rendered":"http:\/\/heijbel.wordpress.com\/2006\/10\/15\/sas-och-ikea-storsatsar"},"modified":"2006-10-15T11:25:25","modified_gmt":"2006-10-15T10:25:25","slug":"sas-och-ikea-storsatsar","status":"publish","type":"post","link":"https:\/\/storytellers.se\/?p=1180","title":{"rendered":"Sas och Ikea storsatsar"},"content":{"rendered":"<p>Studenterna p\u00e5 spr\u00e5kkonsultlinjen vid Stockholms universitet fick i inom ramen f\u00f6r sin kurs i Corporate Storytelling f\u00f6r n\u00e5gra dagar sen bes\u00f6k fr\u00e5n Holland och en sp\u00e4nnande inblick i hur Ikea Systems B.V. systematiskt satsar p\u00e5 Corporate Storytelling&#8230;<\/p>\n<p><!--more--><br \/>\n&#8230;Det \u00e4r den mest ambiti\u00f6sa internationella satsningen p\u00e5 CS jag k\u00e4nner till. Ikea  Systems B. V. i Holland behandlar ber\u00e4ttarkapitalet och anv\u00e4ndningen av ber\u00e4ttelserna som en del av running business nu.<br \/>\nUtv\u00e4rderingarna av detta interna projekt nyligen talade sitt tydliga spr\u00e5k s\u00e5 satsningen som b\u00f6rjade som ett projekt f\u00f6r n\u00e5gra \u00e5r sedan forts\u00e4tter nu som en del av vardagen.<br \/>\nIkea-medarbetarna har f\u00f6r n\u00e4rvarande till g\u00e5ng till cirka 700 ber\u00e4ttelser via sitt intran\u00e4t och via dvd:er och broschyrer. Ber\u00e4ttelserna, som \u00e4n s\u00e5 l\u00e4nge endast anv\u00e4nds internt, \u00e4r samlade glabalt bland Ikea-v\u00e4rldens cirka 100.000 medarbetare.<br \/>\nN\u00e4r Sas Sverige hade sitt 60-\u00e5rsjubileum nyligen fick de ocks\u00e5 lite inblick i &#8211; och inspiration av &#8211; Ikea-stories via en bandad intervju med en av de ansvariga f\u00f6r Ikea-satsningen.<br \/>\nH\u00e4r i Sverige har Sas Sverige f\u00f6rmodligen den bredaste satsningen p\u00e5 Corporate Storytelling i dag. De har ett 100-tal ber\u00e4ttelser under behandling. De flesta av dem sk\u00f6rdades i en bred kick off i Globen f\u00f6r en tid sen d\u00e4r jag f\u00f6r \u00f6vrigt ocks\u00e5 medverkade p\u00e5 en kant.<br \/>\nOm Guiness rekordbok hade en kategori som hette exempelvis sk\u00f6rdande av Corporate Stories vid ett och samma tillf\u00e4lle p\u00e5 en och samma plats s\u00e5 skulle s\u00e4kert Sas Sverige kunna t\u00e4vla om just den uppm\u00f6rksamheten.<\/p>\n","protected":false},"excerpt":{"rendered":"<p>Studenterna p\u00e5 spr\u00e5kkonsultlinjen vid Stockholms universitet fick i inom ramen f\u00f6r sin kurs i Corporate Storytelling f\u00f6r n\u00e5gra dagar sen bes\u00f6k fr\u00e5n Holland och en sp\u00e4nnande inblick i hur Ikea Systems B.V. systematiskt satsar p\u00e5 Corporate Storytelling&#8230;<\/p>\n","protected":false},"author":2,"featured_media":0,"comment_status":"open","ping_status":"closed","sticky":false,"template":"","format":"standard","meta":[],"categories":[2],"tags":[],"_links":{"self":[{"href":"https:\/\/storytellers.se\/index.php?rest_route=\/wp\/v2\/posts\/1180"}],"collection":[{"href":"https:\/\/storytellers.se\/index.php?rest_route=\/wp\/v2\/posts"}],"about":[{"href":"https:\/\/storytellers.se\/index.php?rest_route=\/wp\/v2\/types\/post"}],"author":[{"embeddable":true,"href":"https:\/\/storytellers.se\/index.php?rest_route=\/wp\/v2\/users\/2"}],"replies":[{"embeddable":true,"href":"https:\/\/storytellers.se\/index.php?rest_route=%2Fwp%2Fv2%2Fcomments&post=1180"}],"version-history":[{"count":0,"href":"https:\/\/storytellers.se\/index.php?rest_route=\/wp\/v2\/posts\/1180\/revisions"}],"wp:attachment":[{"href":"https:\/\/storytellers.se\/index.php?rest_route=%2Fwp%2Fv2%2Fmedia&parent=1180"}],"wp:term":[{"taxonomy":"category","embeddable":true,"href":"https:\/\/storytellers.se\/index.php?rest_route=%2Fwp%2Fv2%2Fcategories&post=1180"},{"taxonomy":"post_tag","embeddable":true,"href":"https:\/\/storytellers.se\/index.php?rest_route=%2Fwp%2Fv2%2Ftags&post=1180"}],"curies":[{"name":"wp","href":"https:\/\/api.w.org\/{rel}","templated":true}]}}