{"id":1178,"date":"2006-10-11T13:52:53","date_gmt":"2006-10-11T12:52:53","guid":{"rendered":"http:\/\/heijbel.wordpress.com\/2006\/10\/11\/krakas-upp-berattelser"},"modified":"2006-10-11T13:52:53","modified_gmt":"2006-10-11T12:52:53","slug":"krakas-upp-berattelser","status":"publish","type":"post","link":"https:\/\/storytellers.se\/?p=1178","title":{"rendered":"Kr\u00e4kas upp ber\u00e4ttelser"},"content":{"rendered":"<p>Fr\u00e5ga:<br \/>\nVad \u00e4r egentligen meningen med Corporate Storytelling. Menar du att personalen ska st\u00e5 d\u00e4r och kr\u00e4kas upp historier om hur f\u00f6rtr\u00e4fflig deras arbetsgivare \u00e4r?<br \/>\nSvar:<br \/>\nOj d\u00e5. Det d\u00e4r tycker jag \u00e4r f\u00f6rakt f\u00f6r kommunikation. Kommunikation betyder, rent spr\u00e5kligt allts\u00e5, att g\u00f6ra gemensam&#8230;<\/p>\n<p><!--more--><br \/>\n&#8230;och om man arbetar med kommunikation i form av Corporate Storyteliing s\u00e5 \u00e4r man intresserad av de ber\u00e4ttelser som finns i organisationen. Jag brukar betona att de ska vara sanna, dvs att de b\u00f6r upplevas som verkliga och relevanta av dem som h\u00f6r dem och i b\u00e4sta fall \u00e5terber\u00e4ttar dem.<br \/>\nDet \u00e4r d\u00e4r CS f\u00e5r sin legitimitet.<br \/>\nOm du menar att folk ska kr\u00e4kas upp dem s\u00e5 betyder det ju att de inte vill k\u00e4nnas vid dem. D\u00e5 fungerar f\u00f6rst\u00e5s inte CS som metod att kommunicera utan blir n\u00e5t helt annat och kanske mycket obehagligt.<br \/>\nMen det \u00e4r klart att om man inte vill erk\u00e4nna att man kommunicerar f\u00f6r att p\u00e5verka och att man arbetar med CS f\u00f6r att man tror det ska kunna utveckla organisationen och verksamheten och kanske f\u00f6r att kunna rekrytera l\u00e4mpliga personer till organisationen d\u00e5 \u00e4r det inte s\u00e5 l\u00e4tt att se po\u00e4ngen med Corporate Storytelling.<br \/>\nJag tror att CS \u00f6ppnar f\u00f6r en tydligare och mer utvecklad dialog \u00e4n m\u00e5nga andra kommunikationsmetoder.<\/p>\n","protected":false},"excerpt":{"rendered":"<p>Fr\u00e5ga: Vad \u00e4r egentligen meningen med Corporate Storytelling. Menar du att personalen ska st\u00e5 d\u00e4r och kr\u00e4kas upp historier om hur f\u00f6rtr\u00e4fflig deras arbetsgivare \u00e4r? Svar: Oj d\u00e5. Det d\u00e4r tycker jag \u00e4r f\u00f6rakt f\u00f6r kommunikation. Kommunikation betyder, rent spr\u00e5kligt allts\u00e5, att g\u00f6ra gemensam&#8230;<\/p>\n","protected":false},"author":2,"featured_media":0,"comment_status":"open","ping_status":"closed","sticky":false,"template":"","format":"standard","meta":[],"categories":[6],"tags":[],"_links":{"self":[{"href":"https:\/\/storytellers.se\/index.php?rest_route=\/wp\/v2\/posts\/1178"}],"collection":[{"href":"https:\/\/storytellers.se\/index.php?rest_route=\/wp\/v2\/posts"}],"about":[{"href":"https:\/\/storytellers.se\/index.php?rest_route=\/wp\/v2\/types\/post"}],"author":[{"embeddable":true,"href":"https:\/\/storytellers.se\/index.php?rest_route=\/wp\/v2\/users\/2"}],"replies":[{"embeddable":true,"href":"https:\/\/storytellers.se\/index.php?rest_route=%2Fwp%2Fv2%2Fcomments&post=1178"}],"version-history":[{"count":0,"href":"https:\/\/storytellers.se\/index.php?rest_route=\/wp\/v2\/posts\/1178\/revisions"}],"wp:attachment":[{"href":"https:\/\/storytellers.se\/index.php?rest_route=%2Fwp%2Fv2%2Fmedia&parent=1178"}],"wp:term":[{"taxonomy":"category","embeddable":true,"href":"https:\/\/storytellers.se\/index.php?rest_route=%2Fwp%2Fv2%2Fcategories&post=1178"},{"taxonomy":"post_tag","embeddable":true,"href":"https:\/\/storytellers.se\/index.php?rest_route=%2Fwp%2Fv2%2Ftags&post=1178"}],"curies":[{"name":"wp","href":"https:\/\/api.w.org\/{rel}","templated":true}]}}