{"id":1176,"date":"2006-10-10T11:25:32","date_gmt":"2006-10-10T10:25:32","guid":{"rendered":"http:\/\/heijbel.wordpress.com\/2006\/10\/10\/300-texter"},"modified":"2006-10-10T11:25:32","modified_gmt":"2006-10-10T10:25:32","slug":"300-texter","status":"publish","type":"post","link":"https:\/\/storytellers.se\/?p=1176","title":{"rendered":"300 texter"},"content":{"rendered":"<p>Det finns nu 300 texter p\u00e5 Storytellers.se. Alla texter \u00e4r \u00f6ppna och tillg\u00e4ngliga&#8230;<\/p>\n<p><!--more--><br \/>\n&#8230;f\u00f6r var och en som intresserar sig f\u00f6r ber\u00e4ttelsens kraft i f\u00f6retag och organisationer. Jag som st\u00e5r bakom hela sidan, Matts Heijbel, har redan fr\u00e5n b\u00f6rjan vid tusen\u00e5rsskiftet valt att vara \u00f6ppen och dela med mig s\u00e5 mycket jag kan.<br \/>\nDe flesta av mina kunder tycker ocks\u00e5 att det bara \u00e4r roligt att jag ber\u00e4ttar om dem. Det \u00e4r d\u00e4rf\u00f6r jag ber\u00e4ttar r\u00e4tt mycket om olika f\u00f6retagsexempel.<br \/>\nH\u00e4r finns allts\u00e5 case, artiklar, fr\u00e5gor &amp; svar, akademiska uppsatser, reflexioner och ett l\u00f6pande samtal om hur man kan s\u00f6ka, finna och exploatera ber\u00e4ttelser ur f\u00f6retags- och organisationskulturer.<br \/>\nJag v\u00e5gar p\u00e5st\u00e5 &#8211; om du urs\u00e4ktar &#8211; att det inte finns n\u00e5gon s\u00e5 erfaren och insatt i dessa fr\u00e5gor i Sverige. Men vi \u00e4r \u00e4nd\u00e5 fortfarande ett u-land n\u00e4r det g\u00e4ller att ta tillvara dessa &#8221;business narratives&#8221; eller ber\u00e4ttarkapitalet. S\u00e5 detta \u00e4r bara b\u00f6rjan.<br \/>\nDet f\u00f6rv\u00e5nar mig att inte varenda f\u00f6retag och organisation tar tag i de h\u00e4r fr\u00e5gorna p\u00e5 ett systematiskt s\u00e4tt.<br \/>\nHar ni som inte b\u00f6rjat \u00e4nnu sv\u00e5rt att komma ig\u00e5ng? Jag kan hj\u00e4lpa till i s\u00e5 fall.<br \/>\nJag har sj\u00e4lv tv\u00e5 akademiska examina som tillsammans lett mig in p\u00e5 den h\u00e4r banan. Jag \u00e4r f\u00f6rfattare och journalist med socialantropologisk bakgrund.<br \/>\nJag tycker det \u00e4r fantastiskt att vi har tillg\u00e5ng till ett s\u00e5dant utbildningsv\u00e4sende som \u00e4r \u00f6ppet f\u00f6r alla. Jag undervisar sj\u00e4lv p\u00e5 flera h\u00e5ll.<br \/>\nJag st\u00e4ller ocks\u00e5 alltid upp p\u00e5 studenter som s\u00f6ker upp mig f\u00f6r att de \u00e4r intresserade av Corporate Storytelling. P\u00e5 alla vis jag kan. H\u00f6r av er bara. Det \u00e4r lite pay back time till utbildningsv\u00e4sendet nu f\u00f6r min del.<br \/>\nMed f\u00f6retag och organisationer arbetar jag p\u00e5 kommersiell grund. Detta \u00e4r mitt levebr\u00f6d. Men det kostar f\u00f6rst\u00e5s ingenting att fr\u00e5ga. \u00c4r du intresserad av ett storyprojekt i ditt f\u00f6retag eller din organisation s\u00e5 kan vi tala om saken och jag kan f\u00f6resl\u00e5 aktiviteter. Sen \u00e4r det bara att tacka ja eller nej.<\/p>\n","protected":false},"excerpt":{"rendered":"<p>Det finns nu 300 texter p\u00e5 Storytellers.se. Alla texter \u00e4r \u00f6ppna och tillg\u00e4ngliga&#8230;<\/p>\n","protected":false},"author":2,"featured_media":0,"comment_status":"open","ping_status":"closed","sticky":false,"template":"","format":"standard","meta":[],"categories":[2],"tags":[],"_links":{"self":[{"href":"https:\/\/storytellers.se\/index.php?rest_route=\/wp\/v2\/posts\/1176"}],"collection":[{"href":"https:\/\/storytellers.se\/index.php?rest_route=\/wp\/v2\/posts"}],"about":[{"href":"https:\/\/storytellers.se\/index.php?rest_route=\/wp\/v2\/types\/post"}],"author":[{"embeddable":true,"href":"https:\/\/storytellers.se\/index.php?rest_route=\/wp\/v2\/users\/2"}],"replies":[{"embeddable":true,"href":"https:\/\/storytellers.se\/index.php?rest_route=%2Fwp%2Fv2%2Fcomments&post=1176"}],"version-history":[{"count":0,"href":"https:\/\/storytellers.se\/index.php?rest_route=\/wp\/v2\/posts\/1176\/revisions"}],"wp:attachment":[{"href":"https:\/\/storytellers.se\/index.php?rest_route=%2Fwp%2Fv2%2Fmedia&parent=1176"}],"wp:term":[{"taxonomy":"category","embeddable":true,"href":"https:\/\/storytellers.se\/index.php?rest_route=%2Fwp%2Fv2%2Fcategories&post=1176"},{"taxonomy":"post_tag","embeddable":true,"href":"https:\/\/storytellers.se\/index.php?rest_route=%2Fwp%2Fv2%2Ftags&post=1176"}],"curies":[{"name":"wp","href":"https:\/\/api.w.org\/{rel}","templated":true}]}}