{"id":1174,"date":"2006-10-09T17:25:11","date_gmt":"2006-10-09T16:25:11","guid":{"rendered":"http:\/\/heijbel.wordpress.com\/2006\/10\/09\/nyhetsbrev-18-storytag-till-are"},"modified":"2006-10-09T17:25:11","modified_gmt":"2006-10-09T16:25:11","slug":"nyhetsbrev-18-storytag-till-are","status":"publish","type":"post","link":"https:\/\/storytellers.se\/?p=1174","title":{"rendered":"Nyhetsbrev 18: Storyt\u00e5g till \u00c5re"},"content":{"rendered":"<p>Det senaste nyhetsbrevet har idag g\u00e5tt ut till n\u00e4stan 900 prenumeranter. N\u00e5gra f\u00e5r det i konstigt format eller kan inte \u00f6ppna det. Meddela mig om du tillh\u00f6r dem. Brevet i sin helhet finns h\u00e4r:<\/p>\n<p><!--more--><br \/>\nNyhetsbrev 18<br \/>\nHej v\u00e4n av Corporate Storytelling. Det h\u00e4r \u00e4r det artonde<br \/>\nnyhetsbrevet fr\u00e5n Storytellers. Jag ber\u00e4ttar lite om n\u00e5gra<br \/>\nutbildningar som bekr\u00e4ftar att Corporate Storytelling<br \/>\n(CS) nu \u00e4r s\u00e5 inarbetat i samh\u00e4llet ocks\u00e5 i Sverige att<br \/>\nman kan tala om det som ett \u00e4mne, en disciplin.<br \/>\nJag ber\u00e4ttar ocks\u00e5 om lite olika sammanhang d\u00e4r man<br \/>\nkan anv\u00e4nda CS som exempelvis p\u00e5 WM-datas<br \/>\nStoryt\u00e5g till \u00c5re eller p\u00e5 Swedbanks finanssymposium i<br \/>\n\u00d6sterrike.<br \/>\nM\u00e5nga av tankarna och exemplen hittar du f\u00f6rst\u00e5s p\u00e5<br \/>\nstorytellers.se som har ambitionen att vara den<br \/>\nsj\u00e4lvklara m\u00f6tesplatsen f\u00f6r dem som \u00e4r intresserade<br \/>\nav f\u00f6retagens och organisationernas ber\u00e4ttelser och<br \/>\nhur man b\u00e4st sk\u00f6rdar och anv\u00e4nder dem f\u00f6r att bland<br \/>\nannat st\u00e4rka sitt varum\u00e4rke.<br \/>\n+++++++++++++++++++++++++++++++++++++++++<br \/>\nDet lyftes ett och annat \u00f6gonbryn n\u00e4r jag fick m\u00f6jlighet<br \/>\natt tala om Corporate Storytelling p\u00e5 Swedbanks ( f d<br \/>\nF\u00f6reningssparbanken) \u00e5rliga finanssymposium som i<br \/>\n\u00e5r h\u00f6lls i \u00d6sterrike.<br \/>\nJag talade till finansdirekt\u00f6rer och b\u00f6rs-VD-ar om de<br \/>\nsanna ber\u00e4ttelserna som finns i varje organisation och<br \/>\nsom \u00e4r ett ber\u00e4ttarkapital som man antingen l\u00e5ter ligga<br \/>\nor\u00f6rt eller som man medvetet exploaterar.<br \/>\nDe fick under symposiet ocks\u00e5 bland andra h\u00f6ra Stina<br \/>\nDabrowski ber\u00e4tta ber\u00e4ttelserna om intervjuerna med<br \/>\nexempelvis Muammar Khadaffi, Hillary Clinton och Margret<br \/>\nThatcher.<br \/>\nSen kom d\u00e5 \u00e4ntligen Cambridgeprofessorn i ekonomi.<br \/>\nEn \u00e4ldre distingerad herre med gr\u00e5spr\u00e4ngda tinningar,<br \/>\nm\u00f6rk kostym, snedrandig slips och blanka svarta skor.<br \/>\nHan tog fram sin svarta lap top och f\u00f6rberedde stilla sitt<br \/>\nanf\u00f6rande om globaliseringen och f\u00f6retagen&#8230;<br \/>\nNej d\u00e5! S\u00e5 var det inte. Professorn fr\u00e5n Cambridge var<br \/>\ninte \u00e4ldre. Och inte herre. Och hade inte blanka svarta<br \/>\nskor.<br \/>\nDet var Noreena Hertz. En ung vacker kvinna i tunn<br \/>\nkl\u00e4nning och en f\u00e4rgglad halsduk kastad \u00f6ver axeln.<br \/>\nHon vickade sina h\u00f6gklackade skor p\u00e5 t\u00e5rna n\u00e4r hon<br \/>\nsatt uppflugen p\u00e5 bordskanten. Hon efterlyste de sanna<br \/>\nber\u00e4ttelserna om att f\u00f6retagens tar mer ansvar n\u00e4r nu<br \/>\n49 av de 100 ekonomiskt starkaste organisationerna i<br \/>\nv\u00e4rlden \u00e4r just f\u00f6retag &#8211; inte nationer.<br \/>\nUtan manus och power point manade hon leende<br \/>\nfinanssymposiefolket att se sin chans och ta sitt<br \/>\nansvar.<br \/>\nNoreena Hertz har skrivit flera uppm\u00e4rksammade<br \/>\nglobaliseringsb\u00f6cker och \u00e4r ocks\u00e5 \u00f6versatt till svenska.<br \/>\nMycket l\u00e4rde hon sig n\u00e4r hon i 30-\u00e5rs\u00e5ldern arbetade<br \/>\nf\u00f6r V\u00e4rldsbanken i det nya Ryssland n\u00e4r systemskiftet<br \/>\ngenomf\u00f6rdes d\u00e4r.<br \/>\nDen amerikanske milit\u00e4rpsykologen och<br \/>\nkrigsveteranen Manuel Knight bollade sen begreppen<br \/>\nstruktur och kultur p\u00e5 ett s\u00e4tt som fick finansfolket att<br \/>\nskratta.<br \/>\n+++++++++++++++++++++++++++++++++++++++++<br \/>\nStoryt\u00e5get d\u00e5? Jo WM-datas chartrade t\u00e5g fr\u00e5n<br \/>\nStockholm via Arlanda och Uppsala visade att event<br \/>\noch Corporate Storytelling g\u00e5r bra att f\u00f6rena.<br \/>\nN\u00e5gra avdelningar med sammanlagt drygt 300<br \/>\nmedarbetare skulle \u00e5ka \u00f6ver helgen till \u00c5re. T\u00e5gresan<br \/>\nmed de chartrade t\u00e5get, som f\u00f6r \u00f6vrigt hade b\u00e5de<br \/>\ndisko- och mingelvagn, varade i \u00e5tta timmar.<br \/>\nJag fick, som en annan t\u00e5gm\u00e4stare, st\u00e5 vid en lucka i<br \/>\nvagnv\u00e4ggen och inspirationsf\u00f6rel\u00e4sa genom en<br \/>\ngammaldags bakelittelefonlur. Utanf\u00f6r t\u00e5gf\u00f6nstren<br \/>\npasserade skogar, myrar, byar och berg.<br \/>\nEfter inspirationsf\u00f6rel\u00e4sningen gick vi genom vagnarna<br \/>\noch samlade ber\u00e4ttelser som skulle kunna anv\u00e4ndas<br \/>\nf\u00f6r att befolka WM-datas varum\u00e4rke.<br \/>\nInte helt fel eftersom WM-data f\u00f6rmodligen k\u00f6ps upp nu<br \/>\nav Logica CMG, ett brittiskt dataf\u00f6retag. Anglosaxarna \u00e4lskar att<br \/>\nbeskriva ocks\u00e5 f\u00f6retag med hj\u00e4lp av stories. Business<br \/>\nnarratives \u00e4r ett naturligt begrepp f\u00f6r dem.<br \/>\nEn repertoar av en handfull WM-datastories skulle<br \/>\nkanske vara bra att ha i portf\u00f6ljen n\u00e4r WM-data kanske<br \/>\nblir del av ett av Europas st\u00f6rsta dataf\u00f6retag.<br \/>\nStoryt\u00e5get till \u00c5re var ett tillf\u00e4lle d\u00e5 s\u00e5dana ber\u00e4ttelser<br \/>\nkunde sk\u00f6rdas.<br \/>\n+++++++++++++++++++++++++++++++++++++++++<br \/>\nJust i dag har jag inlett en 4-po\u00e4ngsutbildning i<br \/>\nCorporate Storytelling vid Stockholms Universitet. Jag<br \/>\nplanerar, genomf\u00f6r och examinerar n\u00e4r<br \/>\nSpr\u00e5kkonsultlinjen vid Institutionen f\u00f6r nordiska spr\u00e5k<br \/>\ng\u00e5r denna utbildning.<br \/>\nSvenska f\u00f6retag och organisationer kan s\u00e4kert ha nytta<br \/>\nav CS-medvetna spr\u00e5kkonsulter n\u00e4r de ska s\u00e4tta fart p\u00e5<br \/>\nsitt ber\u00e4ttarkapital.<br \/>\n+++++++++++++++++++++++++++++++++++++++++<br \/>\nI V\u00e4xj\u00f6 har man just dragit ig\u00e5ng en KY-utbildning p\u00e5 3<br \/>\nterminer i Dramaturgi &amp; Storytelling. Jag ska medverka,<br \/>\ntill att b\u00f6rja med i februari, eftersom jag \u00e4r deras<br \/>\nhuvudl\u00e4rare i just Corporate Storytelling.<br \/>\nDessa b\u00e5da utbildningar bygger vidare p\u00e5 det faktum<br \/>\natt CS \u00e4r h\u00e4r f\u00f6r att stanna. Det kommer in i universitet<br \/>\noch h\u00f6gskolor. Litteratur och uppsatser ringar in<br \/>\nmetoder och erfarenheter.<br \/>\n+++++++++++++++++++++++++++++++++++++++++<br \/>\nDen 2 november \u00e4r de dags f\u00f6r Storyfrukost igen p\u00e5<br \/>\nHornsgatan vid Maritorget p\u00e5 S\u00f6der i Stockholm l\u00e4s<br \/>\nmer p\u00e5 storytellers.se om Storyfrukostarna.<br \/>\n+++++++++++++++++++++++++++++++++++++++++<br \/>\nM\u00e5ste en f\u00f6retagsber\u00e4ttelse vara sann? Kan alla<br \/>\norganisationer storytella? Kan man s\u00f6ka v\u00e4rderingar<br \/>\nmed hj\u00e4lp av storytelling? Kan s\u00e4ljare anv\u00e4nda<br \/>\nstorytelling? G\u00e5r det att dela p\u00e5 och ha gemensamma<br \/>\nber\u00e4ttelser i exempelvis en bransch?<br \/>\nDessa fr\u00e5gor behandlas under exemplvis Fr\u00e5gor och<br \/>\nSvar p\u00e5 www.storytellers.se &#8211; webbplatsen \u00e4r byggd<br \/>\nsom en blogg s\u00e5 det g\u00e5r att fr\u00e5ga och diskutera om<br \/>\nman vill det.<br \/>\n+++++++++++++++++++++++++++++++++++++++++<br \/>\nJag som skriver det h\u00e4r nyhetsbrevet heter Matts<br \/>\nHeijbel. Jag har f\u00f6rt in och strukturerat t\u00e4nkandet och<br \/>\nbegreppen i Sverige och arbetar sen m\u00e5nga \u00e5r p\u00e5 heltid<br \/>\nmed de h\u00e4r fr\u00e5gorna p\u00e5 uppdrag ute i f\u00f6retag och<br \/>\norganisationer.<br \/>\nJag tycker att Sverige p\u00e5 m\u00e5nga s\u00e4tt fortfarande \u00e4r ett<br \/>\nu-land p\u00e5 omr\u00e5det. Alla som bryr sig om<br \/>\nkommunikation och varum\u00e4rken borde storytella!<br \/>\nDu f\u00e5r nyhetsbrevet f\u00f6r att du sj\u00e4lv anm\u00e4lt dig som<br \/>\nprenumerant eller f\u00f6r att du g\u00e5tt p\u00e5 n\u00e5got av mina<br \/>\nseminarier eller f\u00f6r att du helt enkelt k\u00e4nner mig.<br \/>\nOm du inte vill ha det l\u00e4ngre s\u00e5 kan du skriva Nej tack<br \/>\ntill nyhetsbrev@storytellers.se s\u00e5 tar jag bort dig.<br \/>\nHej s\u00e5 l\u00e4nge<br \/>\nStockholm 9 oktober 2006.<\/p>\n","protected":false},"excerpt":{"rendered":"<p>Det senaste nyhetsbrevet har idag g\u00e5tt ut till n\u00e4stan 900 prenumeranter. N\u00e5gra f\u00e5r det i konstigt format eller kan inte \u00f6ppna det. Meddela mig om du tillh\u00f6r dem. Brevet i sin helhet finns h\u00e4r:<\/p>\n","protected":false},"author":2,"featured_media":0,"comment_status":"open","ping_status":"closed","sticky":false,"template":"","format":"standard","meta":[],"categories":[8],"tags":[],"_links":{"self":[{"href":"https:\/\/storytellers.se\/index.php?rest_route=\/wp\/v2\/posts\/1174"}],"collection":[{"href":"https:\/\/storytellers.se\/index.php?rest_route=\/wp\/v2\/posts"}],"about":[{"href":"https:\/\/storytellers.se\/index.php?rest_route=\/wp\/v2\/types\/post"}],"author":[{"embeddable":true,"href":"https:\/\/storytellers.se\/index.php?rest_route=\/wp\/v2\/users\/2"}],"replies":[{"embeddable":true,"href":"https:\/\/storytellers.se\/index.php?rest_route=%2Fwp%2Fv2%2Fcomments&post=1174"}],"version-history":[{"count":0,"href":"https:\/\/storytellers.se\/index.php?rest_route=\/wp\/v2\/posts\/1174\/revisions"}],"wp:attachment":[{"href":"https:\/\/storytellers.se\/index.php?rest_route=%2Fwp%2Fv2%2Fmedia&parent=1174"}],"wp:term":[{"taxonomy":"category","embeddable":true,"href":"https:\/\/storytellers.se\/index.php?rest_route=%2Fwp%2Fv2%2Fcategories&post=1174"},{"taxonomy":"post_tag","embeddable":true,"href":"https:\/\/storytellers.se\/index.php?rest_route=%2Fwp%2Fv2%2Ftags&post=1174"}],"curies":[{"name":"wp","href":"https:\/\/api.w.org\/{rel}","templated":true}]}}