{"id":1170,"date":"2006-10-07T15:42:17","date_gmt":"2006-10-07T14:42:17","guid":{"rendered":"http:\/\/heijbel.wordpress.com\/2006\/10\/07\/pa-stockholms-universitet-2"},"modified":"2006-10-07T15:42:17","modified_gmt":"2006-10-07T14:42:17","slug":"pa-stockholms-universitet-2","status":"publish","type":"post","link":"https:\/\/storytellers.se\/?p=1170","title":{"rendered":"P\u00e5 Stockholms universitet"},"content":{"rendered":"<p>I \u00f6vermorgon drar jag ig\u00e5ng 4-po\u00e4ngskursen i Corporate Storytelling p\u00e5 Spr\u00e5kkonsultlinjen vid Institutionen f\u00f6r nordiska spr\u00e5k p\u00e5 Stockholms Universitet. CS \u00e4r nu allts\u00e5 en akademisk disciplin ocks\u00e5 vid universitetet i Stockholm. Jag har lagt upp kursen. Jag h\u00e5llker i den och examinerar studenterna.<\/p>\n","protected":false},"excerpt":{"rendered":"<p>I \u00f6vermorgon drar jag ig\u00e5ng 4-po\u00e4ngskursen i Corporate Storytelling p\u00e5 Spr\u00e5kkonsultlinjen vid Institutionen f\u00f6r nordiska spr\u00e5k p\u00e5 Stockholms Universitet. CS \u00e4r nu allts\u00e5 en akademisk disciplin ocks\u00e5 vid universitetet i Stockholm. Jag har lagt upp kursen. Jag h\u00e5llker i den och examinerar studenterna.<\/p>\n","protected":false},"author":2,"featured_media":0,"comment_status":"open","ping_status":"closed","sticky":false,"template":"","format":"standard","meta":[],"categories":[9],"tags":[],"_links":{"self":[{"href":"https:\/\/storytellers.se\/index.php?rest_route=\/wp\/v2\/posts\/1170"}],"collection":[{"href":"https:\/\/storytellers.se\/index.php?rest_route=\/wp\/v2\/posts"}],"about":[{"href":"https:\/\/storytellers.se\/index.php?rest_route=\/wp\/v2\/types\/post"}],"author":[{"embeddable":true,"href":"https:\/\/storytellers.se\/index.php?rest_route=\/wp\/v2\/users\/2"}],"replies":[{"embeddable":true,"href":"https:\/\/storytellers.se\/index.php?rest_route=%2Fwp%2Fv2%2Fcomments&post=1170"}],"version-history":[{"count":0,"href":"https:\/\/storytellers.se\/index.php?rest_route=\/wp\/v2\/posts\/1170\/revisions"}],"wp:attachment":[{"href":"https:\/\/storytellers.se\/index.php?rest_route=%2Fwp%2Fv2%2Fmedia&parent=1170"}],"wp:term":[{"taxonomy":"category","embeddable":true,"href":"https:\/\/storytellers.se\/index.php?rest_route=%2Fwp%2Fv2%2Fcategories&post=1170"},{"taxonomy":"post_tag","embeddable":true,"href":"https:\/\/storytellers.se\/index.php?rest_route=%2Fwp%2Fv2%2Ftags&post=1170"}],"curies":[{"name":"wp","href":"https:\/\/api.w.org\/{rel}","templated":true}]}}