{"id":1168,"date":"2006-09-29T12:26:47","date_gmt":"2006-09-29T11:26:47","guid":{"rendered":"http:\/\/heijbel.wordpress.com\/2006\/09\/29\/seminarium-pa-arbetsmiljoverket"},"modified":"2006-09-29T12:26:47","modified_gmt":"2006-09-29T11:26:47","slug":"seminarium-pa-arbetsmiljoverket","status":"publish","type":"post","link":"https:\/\/storytellers.se\/?p=1168","title":{"rendered":"Seminarium p\u00e5 Arbetsmilj\u00f6verket"},"content":{"rendered":"<p>I dag ska jag tr\u00e4ffa cirka 100 personer p\u00e5 Arbetsmilj\u00f6verket och introducera dem i Corporate Storytelling. Arbetsmilj\u00f6verket har redan tidigare visat intresse f\u00f6r att sk\u00f6rda sitt ber\u00e4ttarkapital.<\/p>\n","protected":false},"excerpt":{"rendered":"<p>I dag ska jag tr\u00e4ffa cirka 100 personer p\u00e5 Arbetsmilj\u00f6verket och introducera dem i Corporate Storytelling. Arbetsmilj\u00f6verket har redan tidigare visat intresse f\u00f6r att sk\u00f6rda sitt ber\u00e4ttarkapital.<\/p>\n","protected":false},"author":2,"featured_media":0,"comment_status":"open","ping_status":"closed","sticky":false,"template":"","format":"standard","meta":[],"categories":[9],"tags":[],"_links":{"self":[{"href":"https:\/\/storytellers.se\/index.php?rest_route=\/wp\/v2\/posts\/1168"}],"collection":[{"href":"https:\/\/storytellers.se\/index.php?rest_route=\/wp\/v2\/posts"}],"about":[{"href":"https:\/\/storytellers.se\/index.php?rest_route=\/wp\/v2\/types\/post"}],"author":[{"embeddable":true,"href":"https:\/\/storytellers.se\/index.php?rest_route=\/wp\/v2\/users\/2"}],"replies":[{"embeddable":true,"href":"https:\/\/storytellers.se\/index.php?rest_route=%2Fwp%2Fv2%2Fcomments&post=1168"}],"version-history":[{"count":0,"href":"https:\/\/storytellers.se\/index.php?rest_route=\/wp\/v2\/posts\/1168\/revisions"}],"wp:attachment":[{"href":"https:\/\/storytellers.se\/index.php?rest_route=%2Fwp%2Fv2%2Fmedia&parent=1168"}],"wp:term":[{"taxonomy":"category","embeddable":true,"href":"https:\/\/storytellers.se\/index.php?rest_route=%2Fwp%2Fv2%2Fcategories&post=1168"},{"taxonomy":"post_tag","embeddable":true,"href":"https:\/\/storytellers.se\/index.php?rest_route=%2Fwp%2Fv2%2Ftags&post=1168"}],"curies":[{"name":"wp","href":"https:\/\/api.w.org\/{rel}","templated":true}]}}