{"id":1166,"date":"2006-09-27T10:43:58","date_gmt":"2006-09-27T09:43:58","guid":{"rendered":"http:\/\/heijbel.wordpress.com\/2006\/09\/27\/berattelsen-ska-vara-sann"},"modified":"2006-09-27T10:43:58","modified_gmt":"2006-09-27T09:43:58","slug":"berattelsen-ska-vara-sann","status":"publish","type":"post","link":"https:\/\/storytellers.se\/?p=1166","title":{"rendered":"Ber\u00e4ttelsen ska vara sann"},"content":{"rendered":"<p>G\u00e5ng p\u00e5 g\u00e5ng kommer fr\u00e5gan om sanning upp. Senast n\u00e4r jag h\u00e4romdagen var p\u00e5 ett finanssymposium s\u00e5 var det aktuellt: M\u00e5ste man s\u00e4ga sanningen? Kan man inte lika g\u00e4rna hitta p\u00e5?<\/p>\n<p><!--more--><br \/>\nSteve Denning <a href=\"http:\/\/www.stevedenning.com\">http:\/\/stevedenning.com<\/a> talar mycket om hur man anv\u00e4nder ber\u00e4ttelser f\u00f6r att \u00e5stadkomma f\u00f6r\u00e4ndring i organisationer. Han talar om springboard stories. Denning s\u00e4ger d\u00e5 att ber\u00e4ttelserna bara fungerar om de \u00e4r sanna.<br \/>\nMan vill \u00e5stadkomma f\u00f6r\u00e4ndring och ber\u00e4ttar d\u00e4rf\u00f6r om n\u00e5got som faktiskt h\u00e4nt och vill med denna ber\u00e4ttelse f\u00f6rs\u00f6ka f\u00e5 andra att reflektera och utvecklas.<br \/>\nOm man ist\u00e4llet hittar p\u00e5 n\u00e5got som man \u00f6nskar skulle ha h\u00e4nt s\u00e5 riskerar man, enligt Denning, mots\u00e5nd av typen: Det skulle ju aldrig kunna h\u00e4nda h\u00e4r!<br \/>\nBer\u00e4ttar du om n\u00e5got som faktiskt har h\u00e4nt s\u00e5 m\u00e5ste lyssnarna hantera ber\u00e4ttelsen och p\u00e5 ett verkligt s\u00e4tt reflektera \u00f6ver den som m\u00f6jlig.<br \/>\nDenning s\u00e4ger:<br \/>\n&#8221; Det \u00e4r samma sak som du h\u00f6rde av din mamma: Ljug inte! Det \u00e4r ingen bra id\u00e9 att g\u00e5 omkring och ber\u00e4tta saker som inte \u00e4r sanna. &#8221;<br \/>\nSj\u00e4lv inst\u00e4mmer jag f\u00f6rst\u00e5s. Hela konceptet med Corpoprate Storytelling vilar n\u00e4mligen p\u00e5 att det utg\u00e5r fr\u00e5n organisationens eller f\u00f6retagets upplevda verklighet. Det \u00e4r d\u00e4r kraften ligger.<\/p>\n","protected":false},"excerpt":{"rendered":"<p>G\u00e5ng p\u00e5 g\u00e5ng kommer fr\u00e5gan om sanning upp. Senast n\u00e4r jag h\u00e4romdagen var p\u00e5 ett finanssymposium s\u00e5 var det aktuellt: M\u00e5ste man s\u00e4ga sanningen? Kan man inte lika g\u00e4rna hitta p\u00e5?<\/p>\n","protected":false},"author":2,"featured_media":0,"comment_status":"open","ping_status":"closed","sticky":false,"template":"","format":"standard","meta":[],"categories":[2],"tags":[],"_links":{"self":[{"href":"https:\/\/storytellers.se\/index.php?rest_route=\/wp\/v2\/posts\/1166"}],"collection":[{"href":"https:\/\/storytellers.se\/index.php?rest_route=\/wp\/v2\/posts"}],"about":[{"href":"https:\/\/storytellers.se\/index.php?rest_route=\/wp\/v2\/types\/post"}],"author":[{"embeddable":true,"href":"https:\/\/storytellers.se\/index.php?rest_route=\/wp\/v2\/users\/2"}],"replies":[{"embeddable":true,"href":"https:\/\/storytellers.se\/index.php?rest_route=%2Fwp%2Fv2%2Fcomments&post=1166"}],"version-history":[{"count":0,"href":"https:\/\/storytellers.se\/index.php?rest_route=\/wp\/v2\/posts\/1166\/revisions"}],"wp:attachment":[{"href":"https:\/\/storytellers.se\/index.php?rest_route=%2Fwp%2Fv2%2Fmedia&parent=1166"}],"wp:term":[{"taxonomy":"category","embeddable":true,"href":"https:\/\/storytellers.se\/index.php?rest_route=%2Fwp%2Fv2%2Fcategories&post=1166"},{"taxonomy":"post_tag","embeddable":true,"href":"https:\/\/storytellers.se\/index.php?rest_route=%2Fwp%2Fv2%2Ftags&post=1166"}],"curies":[{"name":"wp","href":"https:\/\/api.w.org\/{rel}","templated":true}]}}