{"id":1162,"date":"2006-09-22T10:52:56","date_gmt":"2006-09-22T09:52:56","guid":{"rendered":"http:\/\/heijbel.wordpress.com\/2006\/09\/22\/jamstalldhetsarbete-i-stockholm"},"modified":"2006-09-22T10:52:56","modified_gmt":"2006-09-22T09:52:56","slug":"jamstalldhetsarbete-i-stockholm","status":"publish","type":"post","link":"https:\/\/storytellers.se\/?p=1162","title":{"rendered":"J\u00e4mst\u00e4lldhetsarbete i Stockholm"},"content":{"rendered":"<p>I Stockholms l\u00e4n driver l\u00e4nsstyrelsen och Svenska EFS-r\u00e5det ett l\u00e5ngsiktigt och strategiskt j\u00e4mst\u00e4lldhetsarbete. Nu ska de inblandade f\u00e5 bekanta sig med storytelling&#8230;<\/p>\n<p><!--more--><br \/>\n&#8230;p\u00e5 en av sina kompetensutvecklingstr\u00e4ffar f\u00f6r projektledarna. Den 24 oktober h\u00e5ller jag i en heldag d\u00e4r vi tillsammans ska leta efter viktiga kulturb\u00e4rande ber\u00e4ttelser ur de olika j\u00e4mst\u00e4lldhetsprojekten.<br \/>\nProjekten handlar om exempelvis J\u00e4mst\u00e4lldhetsintegrering, M\u00e5ngfald, Kvinnor som maktresurs, J\u00e4mst\u00e4lldhet som framg\u00e5ngsfaktor, Ungt entrepren\u00f6rskap och mycket annat sp\u00e4nnande.<br \/>\nN\u00e4r projektledarna snabbt beh\u00f6ver f\u00f6rklara vad de h\u00e5ller p\u00e5 med eller visa nyttan med sin verksamhet kan de ha nytta av att ha sk\u00f6rdat n\u00e5gra av sina b\u00e4sta ber\u00e4ttelser. F\u00f6r att inte tala om n\u00e4r de s\u00f6ker pengar&#8230;<br \/>\nSeminariedagen den 24 oktober blir ett ett f\u00f6rsta f\u00f6rs\u00f6k att tillsammans med mig jabba med denna kommunikationsmetod medvetet.<\/p>\n","protected":false},"excerpt":{"rendered":"<p>I Stockholms l\u00e4n driver l\u00e4nsstyrelsen och Svenska EFS-r\u00e5det ett l\u00e5ngsiktigt och strategiskt j\u00e4mst\u00e4lldhetsarbete. Nu ska de inblandade f\u00e5 bekanta sig med storytelling&#8230;<\/p>\n","protected":false},"author":2,"featured_media":0,"comment_status":"open","ping_status":"closed","sticky":false,"template":"","format":"standard","meta":[],"categories":[9],"tags":[],"_links":{"self":[{"href":"https:\/\/storytellers.se\/index.php?rest_route=\/wp\/v2\/posts\/1162"}],"collection":[{"href":"https:\/\/storytellers.se\/index.php?rest_route=\/wp\/v2\/posts"}],"about":[{"href":"https:\/\/storytellers.se\/index.php?rest_route=\/wp\/v2\/types\/post"}],"author":[{"embeddable":true,"href":"https:\/\/storytellers.se\/index.php?rest_route=\/wp\/v2\/users\/2"}],"replies":[{"embeddable":true,"href":"https:\/\/storytellers.se\/index.php?rest_route=%2Fwp%2Fv2%2Fcomments&post=1162"}],"version-history":[{"count":0,"href":"https:\/\/storytellers.se\/index.php?rest_route=\/wp\/v2\/posts\/1162\/revisions"}],"wp:attachment":[{"href":"https:\/\/storytellers.se\/index.php?rest_route=%2Fwp%2Fv2%2Fmedia&parent=1162"}],"wp:term":[{"taxonomy":"category","embeddable":true,"href":"https:\/\/storytellers.se\/index.php?rest_route=%2Fwp%2Fv2%2Fcategories&post=1162"},{"taxonomy":"post_tag","embeddable":true,"href":"https:\/\/storytellers.se\/index.php?rest_route=%2Fwp%2Fv2%2Ftags&post=1162"}],"curies":[{"name":"wp","href":"https:\/\/api.w.org\/{rel}","templated":true}]}}