{"id":1154,"date":"2006-09-13T13:29:35","date_gmt":"2006-09-13T12:29:35","guid":{"rendered":"http:\/\/heijbel.wordpress.com\/2006\/09\/13\/rotaryforelasning"},"modified":"2006-09-13T13:29:35","modified_gmt":"2006-09-13T12:29:35","slug":"rotaryforelasning","status":"publish","type":"post","link":"https:\/\/storytellers.se\/?p=1154","title":{"rendered":"Rotaryf\u00f6rel\u00e4sning"},"content":{"rendered":"<p>I morgon lunchf\u00f6rel\u00e4ser jag p\u00e5 Bisp Thomas Rotaryklubb i Str\u00e4ngn\u00e4s. Jag ska visa hur Corporate Storytelling befolkar varum\u00e4rken och visar v\u00e4rderingar. Kanske tittar jag ocks\u00e5 till platsen i utkanten av stan d\u00e4r min f\u00f6rfader Gabriel Orm levde p\u00e5 1600-talet.<\/p>\n","protected":false},"excerpt":{"rendered":"<p>I morgon lunchf\u00f6rel\u00e4ser jag p\u00e5 Bisp Thomas Rotaryklubb i Str\u00e4ngn\u00e4s. Jag ska visa hur Corporate Storytelling befolkar varum\u00e4rken och visar v\u00e4rderingar. Kanske tittar jag ocks\u00e5 till platsen i utkanten av stan d\u00e4r min f\u00f6rfader Gabriel Orm levde p\u00e5 1600-talet.<\/p>\n","protected":false},"author":2,"featured_media":0,"comment_status":"open","ping_status":"closed","sticky":false,"template":"","format":"standard","meta":[],"categories":[9],"tags":[],"_links":{"self":[{"href":"https:\/\/storytellers.se\/index.php?rest_route=\/wp\/v2\/posts\/1154"}],"collection":[{"href":"https:\/\/storytellers.se\/index.php?rest_route=\/wp\/v2\/posts"}],"about":[{"href":"https:\/\/storytellers.se\/index.php?rest_route=\/wp\/v2\/types\/post"}],"author":[{"embeddable":true,"href":"https:\/\/storytellers.se\/index.php?rest_route=\/wp\/v2\/users\/2"}],"replies":[{"embeddable":true,"href":"https:\/\/storytellers.se\/index.php?rest_route=%2Fwp%2Fv2%2Fcomments&post=1154"}],"version-history":[{"count":0,"href":"https:\/\/storytellers.se\/index.php?rest_route=\/wp\/v2\/posts\/1154\/revisions"}],"wp:attachment":[{"href":"https:\/\/storytellers.se\/index.php?rest_route=%2Fwp%2Fv2%2Fmedia&parent=1154"}],"wp:term":[{"taxonomy":"category","embeddable":true,"href":"https:\/\/storytellers.se\/index.php?rest_route=%2Fwp%2Fv2%2Fcategories&post=1154"},{"taxonomy":"post_tag","embeddable":true,"href":"https:\/\/storytellers.se\/index.php?rest_route=%2Fwp%2Fv2%2Ftags&post=1154"}],"curies":[{"name":"wp","href":"https:\/\/api.w.org\/{rel}","templated":true}]}}