{"id":1152,"date":"2006-09-12T10:10:36","date_gmt":"2006-09-12T09:10:36","guid":{"rendered":"http:\/\/heijbel.wordpress.com\/2006\/09\/12\/fabulafestivalen-2006"},"modified":"2006-09-12T10:10:36","modified_gmt":"2006-09-12T09:10:36","slug":"fabulafestivalen-2006","status":"publish","type":"post","link":"https:\/\/storytellers.se\/?p=1152","title":{"rendered":"Fabulafestivalen 2006"},"content":{"rendered":"<p>Den h\u00e4r webbplatsen handlar, som du vet, om hur man aff\u00e4rsm\u00e4ssigt kan anv\u00e4nda det ber\u00e4ttarkapital som faktiskt lever i f\u00f6retag och organisationer h\u00e4r och nu. Den beskriver hur organisationsber\u00e4ttelser kan g\u00f6ra nytta i bland annat f\u00f6retagsutveckling och varum\u00e4rkesbyggande och hur den kan underl\u00e4tta rekrytering av de m\u00e4nniskor man s\u00f6ker. Men det finns i samh\u00e4llet, under begreppet Storytelling, ocks\u00e5 en tidl\u00f6s bred, stark internationell ber\u00e4ttarr\u00f6relse som snart visar upp sig i Stockholm&#8230;<\/p>\n<p><!--more--><br \/>\n&#8230;de som \u00e4r aktiva i den ber\u00e4ttarr\u00f6relsen \u00e4r konstn\u00e4rer, artister och kulturarbetare &#8211; inte n\u00e4ringslivskonsulter. De engagerar sig snarare f\u00f6r att bl a skapa levande m\u00f6tesplatser d\u00e4r spr\u00e5kliga och etniska gr\u00e4nslinjer \u00f6verskrids med hj\u00e4lp av traditionella historier. Kommer de till f\u00f6retag \u00e4r det som underh\u00e5llare.<br \/>\nI Sverige st\u00f6ds denna ber\u00e4ttarr\u00f6relse i form av Fabula skattev\u00e4gen bland annat av Kulturr\u00e5det, Stockholms kulturf\u00f6rvaltning och Landstingets kulturn\u00e4mnd i Stockholms l\u00e4n.<br \/>\nDet handlar allts\u00e5 om att samla skickliga sk\u00e5despelare och artister som underh\u00e5ller och fascinerar med ber\u00e4ttelser f\u00f6r barn och vuxna. Det handlar om myter, skr\u00f6nor, sagor och livshistorier fr\u00e5n stora delar av v\u00e4rlden.<br \/>\nInget f\u00f6retagsber\u00e4ttande finns med p\u00e5 festivalen trots att majoriteten av oss faktiskt lever i f\u00f6retagen och organisationerna, dagens byar, som just nu kreerar morgondagens myter, sagor och skr\u00f6nor. Ett s\u00e5dant kommersiellt seminarium med f\u00f6retagen i centrum h\u00e5lls d\u00e4remot exempelvis av IBC Euroforum 22-24 november. <a href=\"http:\/\/www.euroforum.net\/engis\/controller.jsp?view=product&amp;product_id=20001405472\">http:\/\/euroforum.net<\/a><br \/>\nP\u00e5 Fabulafestivalen samlas ett internationellt ber\u00e4ttarskr\u00e5 inf\u00f6r publik p\u00e5 ABF-huset i Stockholm 20-22 oktober. D\u00e4r m\u00f6ter man, till en m\u00e5ttlig kostnad, en framst\u00e5ende artistisk ber\u00e4ttartradition.<br \/>\nJag f\u00f6r min del tror att en ber\u00e4ttarscen skulle kunna f\u00f6rena dagens f\u00f6retagsber\u00e4ttelser med de klassiska internationella sagorna.<br \/>\nFabula knyter hur som helst den svenska ber\u00e4ttarr\u00f6relsen till det breda och v\u00e4xande internationella samarbetet mellan ber\u00e4ttarr\u00f6relser i olika l\u00e4nder och v\u00e4rldsdelar. Se artisterna p\u00e5 <a href=\"http:\/\/www.fabulafestival.se\/artister.html\">http:\/\/fabulafestival.se<\/a><\/p>\n","protected":false},"excerpt":{"rendered":"<p>Den h\u00e4r webbplatsen handlar, som du vet, om hur man aff\u00e4rsm\u00e4ssigt kan anv\u00e4nda det ber\u00e4ttarkapital som faktiskt lever i f\u00f6retag och organisationer h\u00e4r och nu. Den beskriver hur organisationsber\u00e4ttelser kan g\u00f6ra nytta i bland annat f\u00f6retagsutveckling och varum\u00e4rkesbyggande och hur den kan underl\u00e4tta rekrytering av de m\u00e4nniskor man s\u00f6ker. Men det finns i samh\u00e4llet, under&#8230;<\/p>\n","protected":false},"author":2,"featured_media":0,"comment_status":"open","ping_status":"closed","sticky":false,"template":"","format":"standard","meta":[],"categories":[9],"tags":[],"_links":{"self":[{"href":"https:\/\/storytellers.se\/index.php?rest_route=\/wp\/v2\/posts\/1152"}],"collection":[{"href":"https:\/\/storytellers.se\/index.php?rest_route=\/wp\/v2\/posts"}],"about":[{"href":"https:\/\/storytellers.se\/index.php?rest_route=\/wp\/v2\/types\/post"}],"author":[{"embeddable":true,"href":"https:\/\/storytellers.se\/index.php?rest_route=\/wp\/v2\/users\/2"}],"replies":[{"embeddable":true,"href":"https:\/\/storytellers.se\/index.php?rest_route=%2Fwp%2Fv2%2Fcomments&post=1152"}],"version-history":[{"count":0,"href":"https:\/\/storytellers.se\/index.php?rest_route=\/wp\/v2\/posts\/1152\/revisions"}],"wp:attachment":[{"href":"https:\/\/storytellers.se\/index.php?rest_route=%2Fwp%2Fv2%2Fmedia&parent=1152"}],"wp:term":[{"taxonomy":"category","embeddable":true,"href":"https:\/\/storytellers.se\/index.php?rest_route=%2Fwp%2Fv2%2Fcategories&post=1152"},{"taxonomy":"post_tag","embeddable":true,"href":"https:\/\/storytellers.se\/index.php?rest_route=%2Fwp%2Fv2%2Ftags&post=1152"}],"curies":[{"name":"wp","href":"https:\/\/api.w.org\/{rel}","templated":true}]}}