{"id":1148,"date":"2006-09-08T13:15:23","date_gmt":"2006-09-08T12:15:23","guid":{"rendered":"http:\/\/heijbel.wordpress.com\/2006\/09\/08\/storytaget-gar-till-are"},"modified":"2006-09-08T13:15:23","modified_gmt":"2006-09-08T12:15:23","slug":"storytaget-gar-till-are","status":"publish","type":"post","link":"https:\/\/storytellers.se\/?p=1148","title":{"rendered":"Storyt\u00e5get g\u00e5r till \u00c5re"},"content":{"rendered":"<p>Nu i helgen g\u00e5r WM-datas storyt\u00e5g till \u00c5re. Ombord p\u00e5 det helt abonnerade t\u00e5get ska jag f\u00f6rel\u00e4sa via h\u00f6gtalarsystemet och sen f\u00e5 ig\u00e5ng ett storytellande n\u00e5gra timmar i de 10 vagnarna som dundrar genom skymningen&#8230;<\/p>\n<p><!--more--><br \/>\n&#8230;WM-data har cirka 330 personer ombord och de ska tillbringa helgen i \u00c5re med olika aktiviteter. T\u00e5gresan, som p\u00e5g\u00e5r mer \u00e4n 7 timmar, ska inte fyllas med bara Corporate Storytelling.<br \/>\nMin insats str\u00e4cker sig \u00f6ver n\u00e5gra timmar under sj\u00e4lva t\u00e5gresan och jag g\u00e5r omkring och f\u00f6rs\u00f6ker stimulera WM-datafolket att sk\u00f6rda ur sitt ber\u00e4ttarkapital. Sen kommer jag att finnas i ena \u00e4ndan av en speciell mingelvagn d\u00e4r de som vill kan komma och leverera sina ber\u00e4ttelser.<br \/>\nI varje vagn kommer det ocks\u00e5 att finnas en lap top d\u00e4r de kan skriva in sina ber\u00e4ttelser. Senare kommer de storyansvariga att utv\u00e4rdera ber\u00e4ttelserna och se hur de kan s\u00e4ttas i arbete f\u00f6r st\u00e4rkandet av WM-data och dess varum\u00e4rke.<br \/>\nKul projekt tycker jag som f\u00f6rst\u00e5s ocks\u00e5 \u00e4r glad att f\u00e5 vara med. F\u00f6r tv\u00e5 veckor sen var det 100 storygrupper med SAS i Globen. Nu \u00e4r det ett Storyt\u00e5g till \u00c5re.<br \/>\nCorporate Storytelling trivs allts\u00e5 faktiskt r\u00e4tt bra i eventsammanhang ocks\u00e5.<\/p>\n","protected":false},"excerpt":{"rendered":"<p>Nu i helgen g\u00e5r WM-datas storyt\u00e5g till \u00c5re. Ombord p\u00e5 det helt abonnerade t\u00e5get ska jag f\u00f6rel\u00e4sa via h\u00f6gtalarsystemet och sen f\u00e5 ig\u00e5ng ett storytellande n\u00e5gra timmar i de 10 vagnarna som dundrar genom skymningen&#8230;<\/p>\n","protected":false},"author":2,"featured_media":0,"comment_status":"open","ping_status":"closed","sticky":false,"template":"","format":"standard","meta":[],"categories":[9],"tags":[],"_links":{"self":[{"href":"https:\/\/storytellers.se\/index.php?rest_route=\/wp\/v2\/posts\/1148"}],"collection":[{"href":"https:\/\/storytellers.se\/index.php?rest_route=\/wp\/v2\/posts"}],"about":[{"href":"https:\/\/storytellers.se\/index.php?rest_route=\/wp\/v2\/types\/post"}],"author":[{"embeddable":true,"href":"https:\/\/storytellers.se\/index.php?rest_route=\/wp\/v2\/users\/2"}],"replies":[{"embeddable":true,"href":"https:\/\/storytellers.se\/index.php?rest_route=%2Fwp%2Fv2%2Fcomments&post=1148"}],"version-history":[{"count":0,"href":"https:\/\/storytellers.se\/index.php?rest_route=\/wp\/v2\/posts\/1148\/revisions"}],"wp:attachment":[{"href":"https:\/\/storytellers.se\/index.php?rest_route=%2Fwp%2Fv2%2Fmedia&parent=1148"}],"wp:term":[{"taxonomy":"category","embeddable":true,"href":"https:\/\/storytellers.se\/index.php?rest_route=%2Fwp%2Fv2%2Fcategories&post=1148"},{"taxonomy":"post_tag","embeddable":true,"href":"https:\/\/storytellers.se\/index.php?rest_route=%2Fwp%2Fv2%2Ftags&post=1148"}],"curies":[{"name":"wp","href":"https:\/\/api.w.org\/{rel}","templated":true}]}}