{"id":1144,"date":"2006-09-07T15:05:31","date_gmt":"2006-09-07T14:05:31","guid":{"rendered":"http:\/\/heijbel.wordpress.com\/2006\/09\/07\/trevlig-storyfrukost"},"modified":"2006-09-07T15:05:31","modified_gmt":"2006-09-07T14:05:31","slug":"trevlig-storyfrukost","status":"publish","type":"post","link":"https:\/\/storytellers.se\/?p=1144","title":{"rendered":"Trevlig Storyfrukost"},"content":{"rendered":"<p>Idag var det Storyfrukost igen. G\u00e4ster fr\u00e5n bank-, pension-, bygg- &amp; landsting hade slutit upp f\u00f6r att h\u00f6ra det senaste om storytelling i f\u00f6retag och organisationer. N\u00e4sta frukost \u00e4r den 2 november 08.00-09.00. Anm\u00e4l dig p\u00e5 storyfrukost@storytellers.se jag debiterar 250 sek.<\/p>\n","protected":false},"excerpt":{"rendered":"<p>Idag var det Storyfrukost igen. G\u00e4ster fr\u00e5n bank-, pension-, bygg- &amp; landsting hade slutit upp f\u00f6r att h\u00f6ra det senaste om storytelling i f\u00f6retag och organisationer. N\u00e4sta frukost \u00e4r den 2 november 08.00-09.00. Anm\u00e4l dig p\u00e5 storyfrukost@storytellers.se jag debiterar 250 sek.<\/p>\n","protected":false},"author":2,"featured_media":0,"comment_status":"open","ping_status":"closed","sticky":false,"template":"","format":"standard","meta":[],"categories":[2],"tags":[],"_links":{"self":[{"href":"https:\/\/storytellers.se\/index.php?rest_route=\/wp\/v2\/posts\/1144"}],"collection":[{"href":"https:\/\/storytellers.se\/index.php?rest_route=\/wp\/v2\/posts"}],"about":[{"href":"https:\/\/storytellers.se\/index.php?rest_route=\/wp\/v2\/types\/post"}],"author":[{"embeddable":true,"href":"https:\/\/storytellers.se\/index.php?rest_route=\/wp\/v2\/users\/2"}],"replies":[{"embeddable":true,"href":"https:\/\/storytellers.se\/index.php?rest_route=%2Fwp%2Fv2%2Fcomments&post=1144"}],"version-history":[{"count":0,"href":"https:\/\/storytellers.se\/index.php?rest_route=\/wp\/v2\/posts\/1144\/revisions"}],"wp:attachment":[{"href":"https:\/\/storytellers.se\/index.php?rest_route=%2Fwp%2Fv2%2Fmedia&parent=1144"}],"wp:term":[{"taxonomy":"category","embeddable":true,"href":"https:\/\/storytellers.se\/index.php?rest_route=%2Fwp%2Fv2%2Fcategories&post=1144"},{"taxonomy":"post_tag","embeddable":true,"href":"https:\/\/storytellers.se\/index.php?rest_route=%2Fwp%2Fv2%2Ftags&post=1144"}],"curies":[{"name":"wp","href":"https:\/\/api.w.org\/{rel}","templated":true}]}}