{"id":1142,"date":"2006-08-30T15:28:56","date_gmt":"2006-08-30T14:28:56","guid":{"rendered":"http:\/\/heijbel.wordpress.com\/2006\/08\/30\/nyforetagar-och-innovatorsstories"},"modified":"2006-08-30T15:28:56","modified_gmt":"2006-08-30T14:28:56","slug":"nyforetagar-och-innovatorsstories","status":"publish","type":"post","link":"https:\/\/storytellers.se\/?p=1142","title":{"rendered":"Nyf\u00f6retagar- och innovat\u00f6rsstories"},"content":{"rendered":"<p>Jag har i dag och ig\u00e5r tr\u00e4ffat f\u00f6rst Almi F\u00f6retagspartners informat\u00f6rer och sen hela bolaget i det Gemensamma Almi som finns \u00f6ver hela landet&#8230;<\/p>\n<p><!--more--><br \/>\n&#8230;Min uppgift var att insprirationsf\u00f6rel\u00e4sa under Almis kompetensdagar i V\u00e4ster\u00e5s. Informat\u00f6rerna provade p\u00e5 en mindre storysk\u00f6rd i seminarieform och inf\u00f6r hela Almi talade jag om v\u00e4rdet av att anv\u00e4nda kulturkapitalet i form av de egna ber\u00e4ttelser som medarbetarna \u00e4r b\u00e4rare av.<br \/>\nAlmi \u00e4r f\u00f6retagens b\u00e4sta v\u00e4n och st\u00e5r bakom en stor del av det nyf\u00f6retagande som vi har i Sverige.<\/p>\n","protected":false},"excerpt":{"rendered":"<p>Jag har i dag och ig\u00e5r tr\u00e4ffat f\u00f6rst Almi F\u00f6retagspartners informat\u00f6rer och sen hela bolaget i det Gemensamma Almi som finns \u00f6ver hela landet&#8230;<\/p>\n","protected":false},"author":2,"featured_media":0,"comment_status":"open","ping_status":"closed","sticky":false,"template":"","format":"standard","meta":[],"categories":[2],"tags":[],"_links":{"self":[{"href":"https:\/\/storytellers.se\/index.php?rest_route=\/wp\/v2\/posts\/1142"}],"collection":[{"href":"https:\/\/storytellers.se\/index.php?rest_route=\/wp\/v2\/posts"}],"about":[{"href":"https:\/\/storytellers.se\/index.php?rest_route=\/wp\/v2\/types\/post"}],"author":[{"embeddable":true,"href":"https:\/\/storytellers.se\/index.php?rest_route=\/wp\/v2\/users\/2"}],"replies":[{"embeddable":true,"href":"https:\/\/storytellers.se\/index.php?rest_route=%2Fwp%2Fv2%2Fcomments&post=1142"}],"version-history":[{"count":0,"href":"https:\/\/storytellers.se\/index.php?rest_route=\/wp\/v2\/posts\/1142\/revisions"}],"wp:attachment":[{"href":"https:\/\/storytellers.se\/index.php?rest_route=%2Fwp%2Fv2%2Fmedia&parent=1142"}],"wp:term":[{"taxonomy":"category","embeddable":true,"href":"https:\/\/storytellers.se\/index.php?rest_route=%2Fwp%2Fv2%2Fcategories&post=1142"},{"taxonomy":"post_tag","embeddable":true,"href":"https:\/\/storytellers.se\/index.php?rest_route=%2Fwp%2Fv2%2Ftags&post=1142"}],"curies":[{"name":"wp","href":"https:\/\/api.w.org\/{rel}","templated":true}]}}