{"id":1140,"date":"2006-08-26T22:50:48","date_gmt":"2006-08-26T21:50:48","guid":{"rendered":"http:\/\/heijbel.wordpress.com\/2006\/08\/26\/sas-sverige-skriver-historia"},"modified":"2006-08-26T22:50:48","modified_gmt":"2006-08-26T21:50:48","slug":"sas-sverige-skriver-historia","status":"publish","type":"post","link":"https:\/\/storytellers.se\/?p=1140","title":{"rendered":"SAS Sverige skriver historia"},"content":{"rendered":"<p>I dag har jag medverkat i Globen p\u00e5 SAS Sveriges 60-\u00e5rsjubileum. Alla medarbetare som kunde komma loss &#8211; business as usual f\u00f6rst\u00e5s &#8211; r\u00f6rde sig mellan Hovet och Globen och hela jubil\u00e9et gick i storytellingens tecken&#8230;<\/p>\n<p><!--more--><br \/>\n&#8230;6-700 SAS-medarbetare grupperades i slumpm\u00e4ssigt blandade grupper kring 100 bord i Globen och sk\u00f6rdade stories tillsammans. Sen fick de gestalta sina ber\u00e4ttelser i text och bild och skulptur. Mig veterligen \u00e4r detta det st\u00f6rsta Corporate Storytellingssk\u00f6rdandet i hela v\u00e4rlden n\u00e5gonsin vid ett och samma tillf\u00e4lle. SAS Sverige har idag, i och med detta, sk\u00f6rdat ett hundrartal ber\u00e4ttelser fr\u00e5n sin verksamhet. Flera tusen har surrat.<br \/>\nF\u00f6r mig \u00e4r detta ett s\u00e4tt att anv\u00e4nda ber\u00e4ttarkapitalet f\u00f6r att st\u00e4rka kulturen, vilket sedan kan vara en viktig konkurrensf\u00f6rdel. De sanna ber\u00e4ttelserna fr\u00e5n verkligheten kan anv\u00e4ndas som en strategisk resurs.<br \/>\nH\u00e5rdvaran i flyget kan ofta vara sig ganska lik mellan bolagen. Men m\u00e4nniskan och hennes kultur och beteende g\u00f6r skillnad. Och d\u00e5 m\u00e5ste man ber\u00e4tta om dessa mjuka v\u00e4rden. Storytellingen \u00f6ppnar upp de mjuka emotionella merv\u00e4rdena.<br \/>\nFlyg handlar trots allt om m\u00e4nskliga relationer och kommunikation.<br \/>\nJag gick i flera timmar runt som deras egen Mr Corporate Storyteller och f\u00f6rs\u00f6kte uppmuntra och stimulera SAS-ber\u00e4ttarna. F\u00f6r traditionsb\u00e4rare \u00e4r var och en. Och \u00e4garen av ber\u00e4ttelserna i de h\u00e4r sammanhangen \u00e4r SAS Sverige. Det inneb\u00e4r att en viss person som \u00e4r kopplad till en ber\u00e4ttelse kan sluta men ber\u00e4ttelsen kan leva kvar.<br \/>\nJag \u00e4r \u00f6vertygad om att dessa ber\u00e4ttelser kommer att inneb\u00e4ra en extra kraft f\u00f6r SAS Sverige i det fortsatta arbetet p\u00e5 marknaden som f\u00f6r \u00f6vrigt blir allt mer framg\u00e5ngsrikt efter n\u00e5gra sv\u00e5ra \u00e5r.<\/p>\n","protected":false},"excerpt":{"rendered":"<p>I dag har jag medverkat i Globen p\u00e5 SAS Sveriges 60-\u00e5rsjubileum. Alla medarbetare som kunde komma loss &#8211; business as usual f\u00f6rst\u00e5s &#8211; r\u00f6rde sig mellan Hovet och Globen och hela jubil\u00e9et gick i storytellingens tecken&#8230;<\/p>\n","protected":false},"author":2,"featured_media":0,"comment_status":"open","ping_status":"closed","sticky":false,"template":"","format":"standard","meta":[],"categories":[2],"tags":[],"_links":{"self":[{"href":"https:\/\/storytellers.se\/index.php?rest_route=\/wp\/v2\/posts\/1140"}],"collection":[{"href":"https:\/\/storytellers.se\/index.php?rest_route=\/wp\/v2\/posts"}],"about":[{"href":"https:\/\/storytellers.se\/index.php?rest_route=\/wp\/v2\/types\/post"}],"author":[{"embeddable":true,"href":"https:\/\/storytellers.se\/index.php?rest_route=\/wp\/v2\/users\/2"}],"replies":[{"embeddable":true,"href":"https:\/\/storytellers.se\/index.php?rest_route=%2Fwp%2Fv2%2Fcomments&post=1140"}],"version-history":[{"count":0,"href":"https:\/\/storytellers.se\/index.php?rest_route=\/wp\/v2\/posts\/1140\/revisions"}],"wp:attachment":[{"href":"https:\/\/storytellers.se\/index.php?rest_route=%2Fwp%2Fv2%2Fmedia&parent=1140"}],"wp:term":[{"taxonomy":"category","embeddable":true,"href":"https:\/\/storytellers.se\/index.php?rest_route=%2Fwp%2Fv2%2Fcategories&post=1140"},{"taxonomy":"post_tag","embeddable":true,"href":"https:\/\/storytellers.se\/index.php?rest_route=%2Fwp%2Fv2%2Ftags&post=1140"}],"curies":[{"name":"wp","href":"https:\/\/api.w.org\/{rel}","templated":true}]}}