{"id":1138,"date":"2006-08-25T16:31:03","date_gmt":"2006-08-25T15:31:03","guid":{"rendered":"http:\/\/heijbel.wordpress.com\/2006\/08\/25\/nyhetsbrev-17-saab-och-almi"},"modified":"2006-08-25T16:31:03","modified_gmt":"2006-08-25T15:31:03","slug":"nyhetsbrev-17-saab-och-almi","status":"publish","type":"post","link":"https:\/\/storytellers.se\/?p=1138","title":{"rendered":"Nyhetsbrev 17: Saab och Almi"},"content":{"rendered":"<p>Nu har Nyhetsbrev 17 g\u00e5tt ut till n\u00e4rmare 850 prenumeranter. Vill du ocks\u00e5 vara med s\u00e5 anm\u00e4l dig i h\u00f6gerkanten p\u00e5 \u00f6ppningssidan genom att skriva in din mejladress och klicka. Nyhetbrevet ber\u00e4ttar i en r\u00e4tt personlig stil om senaste nytt och h\u00e4nvisar hit till storytellers.se. H\u00e4r \u00e4r brevet ocks\u00e5:<\/p>\n<p><!--more--><br \/>\nNyhetsbrev 17<br \/>\nHej v\u00e4n av Corporate Storytelling. H\u00e4r kommer h\u00f6stens<br \/>\nf\u00f6rsta nyhetsbrev d\u00e4r jag filosoferar lite \u00f6ver vad<br \/>\nber\u00e4tteserna, eller storyfloran om man s\u00e5 vill, s\u00e4ger om<br \/>\norganisationens h\u00e4lsa.<br \/>\nJag n\u00e4mner ocks\u00e5 lite om ytterligare n\u00e5gra f\u00f6retag och<br \/>\norganisationer som ger sig in i storytellingperspektiven.<br \/>\nSen ska jag s\u00e4ga n\u00e5got om storyduschen och de<br \/>\nkommande storyfrukostarna p\u00e5 Hornsgatan 52.<br \/>\n+++++++++++++++++++++++++++++++++++++<br \/>\nDet \u00e4r uppenbart f\u00f6r mig att ber\u00e4ttelserna ber\u00e4ttar om<br \/>\nhur en organisation m\u00e5r. Inte s\u00e5 konstigt i och f\u00f6r sig att<br \/>\nd\u00e5ligt ledarskap ger negativa ber\u00e4ttelser. Gott<br \/>\nledarskap ger p\u00e5 samma s\u00e4tt, enkelt uttryckt, positiva<br \/>\nber\u00e4ttelser.<br \/>\nMan kan allts\u00e5 delvis st\u00e4lla dignos via ber\u00e4ttarfloran.<br \/>\nDetta inneb\u00e4r ocks\u00e5 att man som Corporate Storyteller<br \/>\nkan sk\u00f6rda, f\u00f6rpacka, sprida och i viss m\u00e5n p\u00e5verka<br \/>\nber\u00e4ttandet. Man kan st\u00f6dja ledarna genom att visa<br \/>\ndem de verkliga ber\u00e4ttelserna och man kan ocks\u00e5 ge<br \/>\ndem en relevant repertoar f\u00f6r att de ska kunna \u00f6ppna<br \/>\nen ber\u00e4ttardialog med medarbetarna och kanske p\u00e5<br \/>\nsikt ocks\u00e5 p\u00e5verka f\u00f6retagsfolkloren och d\u00e4rmed<br \/>\nv\u00e4lm\u00e5endet.<br \/>\nJag har som ung studerat socialantropologi och<br \/>\netnologi och jag ser varje dag vad mycket inspiration<br \/>\noch perspektiv man kan hitta d\u00e4r som g\u00e5r att anv\u00e4nda i<br \/>\norganisationsutveckling och i gestaltandet av<br \/>\norganisationer, varor och produkter.<br \/>\nI storytellinglitteraturen kan man ibland l\u00e4sa om olika<br \/>\nkategorier av ber\u00e4ttelser. Allts\u00e5 vilka arenor de har.<br \/>\nEnkelt uttryckt kan man tala om offentliga respektive<br \/>\nhemliga consensusber\u00e4ttelser som delas i<br \/>\norganisationen. De hemliga \u00e4r strikt interna.<br \/>\nDet finns ocks\u00e5 offentliga respektive hemliga<br \/>\nkonfliktber\u00e4ttelser. Och mycket mera f\u00f6rst\u00e5s.<br \/>\nSj\u00e4lv fascineras jag av det jag kallar<br \/>\ndilemmaber\u00e4ttelser som leder lyssnaren fram till en<br \/>\nvalsituation. Man ber\u00e4ttar allts\u00e5 en story ur<br \/>\norganisationens egna verklighet som drar n\u00e5got fram<br \/>\ntill sin spets och s\u00e5 fr\u00e5gar man vilket beteende som \u00e4r<br \/>\n\u00f6nskv\u00e4rt i den situation man hamnat. Det \u00e4r en<br \/>\npedagogisk typ av ber\u00e4ttelse.<br \/>\n+++++++++++++++++++++++++++++++++++++<br \/>\nI n\u00e4sta vecka ska jag tr\u00e4ffa hela Almi F\u00f6retagspartner<br \/>\noch redovisa en del Almiber\u00e4ttelser som jag sk\u00f6rdat<br \/>\nmen ocks\u00e5 tala om m\u00f6jligheten att befolka<br \/>\nAlmivarum\u00e4rket med Corporate Storytelling.<br \/>\nJag ska ocks\u00e5 ta ett nytt steg i det p\u00e5g\u00e5ende<br \/>\nsamarbetet med SAS Sverige och s\u00e5 ska jag tr\u00e4ffa<br \/>\nkommunikat\u00f6rerna p\u00e5 f\u00f6rsvarsindustrikoncernen Saab.<br \/>\nJag har ocks\u00e5 jobbat med WM-data under sommaren<br \/>\noch jag har blivit upphandlad av Svenska institutet d\u00e4r<br \/>\njag hoppas f\u00e5 arbeta med Sverigebrandingen.<br \/>\nDe framg\u00e5ngsrika \u00e4r intresserade av Corporate<br \/>\nStoryteling och ber\u00e4ttandet kraft.<br \/>\n+++++++++++++++++++++++++++++++++++++<br \/>\nJag har tidigare p\u00e5 storytellers.se talat om id\u00e9n med<br \/>\nstorydusch. Allts\u00e5 en starkt avgr\u00e4nsad, riktad h\u00f6gtalare<br \/>\nsom erbjuder den som vill, att kliva in i ljudet och lyssna<br \/>\np\u00e5 organisationens viktigaste ber\u00e4ttelser.<br \/>\nDet fungerar tekniskt. Jag har kollat det i hop med en<br \/>\nleverant\u00f6r av dessa riktade h\u00f6gtalare. Men resultatet \u00e4r<br \/>\nf\u00f6rst\u00e5s helt beroende av vilka ber\u00e4ttelser man s\u00e4nder<br \/>\nut i h\u00f6gtalaren. Hela id\u00e9n med f\u00f6retagsber\u00e4ttelser<br \/>\nbygger p\u00e5 att man vet vad man g\u00f6r. Att man vet vad man<br \/>\nvill att ber\u00e4ttelserna ska \u00e5stadkomma.<br \/>\nHar man allts\u00e5 skaffat en seri\u00f6s storysk\u00f6rd s\u00e5 kan man<br \/>\n&#8211; ocks\u00e5 i bullriga milj\u00f6er &#8211; erbjuda dessa storyduschar.<br \/>\nPersonligen tycker jag det \u00e4r en kul id\u00e9. Jag skulle inte<br \/>\nkunna motst\u00e5 att g\u00e5 in i ljudduschen om jag hade en<br \/>\nminut \u00f6ver p\u00e5 den plats d\u00e4r duschen satt.<br \/>\n+++++++++++++++++++++++++++++++++++++<br \/>\nH\u00f6sten f\u00f6rsta storyfrukost \u00e4r nu fullbokad. Den blir p\u00e5<br \/>\nHornsgatan 52 den 7 september. N\u00e4sta blir den 2<br \/>\nnovember. L\u00e4s mer om det p\u00e5 www.storytellers.se<br \/>\n+++++++++++++++++++++++++++++++++++++<br \/>\nJag, Matts Heijbel har skrivit detta nyhetsbrev. Antingen<br \/>\nhar du sj\u00e4lv anm\u00e4lt dig som prenumerant eller s\u00e5 har<br \/>\ndu g\u00e5tt p\u00e5 n\u00e5gra av mina seminarier. Eller s\u00e5 \u00e4r du en<br \/>\nav mina v\u00e4nner.<br \/>\nVill du inte vara med s\u00e5 skicka ett mail med ett nej tack<br \/>\ntill nyhetsbrev@storytellers.se<br \/>\nStockholm 25 augusti 2006<\/p>\n","protected":false},"excerpt":{"rendered":"<p>Nu har Nyhetsbrev 17 g\u00e5tt ut till n\u00e4rmare 850 prenumeranter. Vill du ocks\u00e5 vara med s\u00e5 anm\u00e4l dig i h\u00f6gerkanten p\u00e5 \u00f6ppningssidan genom att skriva in din mejladress och klicka. Nyhetbrevet ber\u00e4ttar i en r\u00e4tt personlig stil om senaste nytt och h\u00e4nvisar hit till storytellers.se. H\u00e4r \u00e4r brevet ocks\u00e5:<\/p>\n","protected":false},"author":2,"featured_media":0,"comment_status":"open","ping_status":"closed","sticky":false,"template":"","format":"standard","meta":[],"categories":[8],"tags":[],"_links":{"self":[{"href":"https:\/\/storytellers.se\/index.php?rest_route=\/wp\/v2\/posts\/1138"}],"collection":[{"href":"https:\/\/storytellers.se\/index.php?rest_route=\/wp\/v2\/posts"}],"about":[{"href":"https:\/\/storytellers.se\/index.php?rest_route=\/wp\/v2\/types\/post"}],"author":[{"embeddable":true,"href":"https:\/\/storytellers.se\/index.php?rest_route=\/wp\/v2\/users\/2"}],"replies":[{"embeddable":true,"href":"https:\/\/storytellers.se\/index.php?rest_route=%2Fwp%2Fv2%2Fcomments&post=1138"}],"version-history":[{"count":0,"href":"https:\/\/storytellers.se\/index.php?rest_route=\/wp\/v2\/posts\/1138\/revisions"}],"wp:attachment":[{"href":"https:\/\/storytellers.se\/index.php?rest_route=%2Fwp%2Fv2%2Fmedia&parent=1138"}],"wp:term":[{"taxonomy":"category","embeddable":true,"href":"https:\/\/storytellers.se\/index.php?rest_route=%2Fwp%2Fv2%2Fcategories&post=1138"},{"taxonomy":"post_tag","embeddable":true,"href":"https:\/\/storytellers.se\/index.php?rest_route=%2Fwp%2Fv2%2Ftags&post=1138"}],"curies":[{"name":"wp","href":"https:\/\/api.w.org\/{rel}","templated":true}]}}