{"id":1136,"date":"2006-08-24T16:20:07","date_gmt":"2006-08-24T15:20:07","guid":{"rendered":"http:\/\/heijbel.wordpress.com\/2006\/08\/24\/flera-storyfrukostar"},"modified":"2006-08-24T16:20:07","modified_gmt":"2006-08-24T15:20:07","slug":"flera-storyfrukostar","status":"publish","type":"post","link":"https:\/\/storytellers.se\/?p=1136","title":{"rendered":"Flera storyfrukostar"},"content":{"rendered":"<p>Nu \u00e4r n\u00e4sta storyfrukost, den 7 september fulltecknad. N\u00e4sta blir den 2 november klockan 08.00 &#8211; 09.00 + diskussion. Tanken \u00e4r att just den f\u00f6rsta torsdagen i m\u00e5naden skulle det kunna vara en storyfrukost h\u00e4r p\u00e5 Hornsgatan 52 men i oktober har jag ingen m\u00f6jlighet s\u00e5 n\u00e4sta efter denna blir i november.<br \/>\n\u00c4r du intresserad s\u00e5 anm\u00e4l dig via storyfrukost@storytellers.se. Jag debiterar 250 sek f\u00f6r att t\u00e4cka omkostnaderna. Det g\u00e5r ocks\u00e5 att s\u00e4tta in 250 sek p\u00e5 pg 15094-6 och skriva deltagarens namn och ordet Storyfrukost 061102 p\u00e5 avin.<br \/>\nUnder storyfrukosten ber\u00e4ttar jag om det aktuella l\u00e4get p\u00e5 Corporate Storytellingfronten och ger exempel p\u00e5 hur det kan l\u00e5ta. Om du vill tr\u00e4ffas \u00f6ver en frukost eller liknande men inte just den 2 november s\u00e5 kontakta mig s\u00e5 kan vi tala om saken.<\/p>\n","protected":false},"excerpt":{"rendered":"<p>Nu \u00e4r n\u00e4sta storyfrukost, den 7 september fulltecknad. N\u00e4sta blir den 2 november klockan 08.00 &#8211; 09.00 + diskussion. Tanken \u00e4r att just den f\u00f6rsta torsdagen i m\u00e5naden skulle det kunna vara en storyfrukost h\u00e4r p\u00e5 Hornsgatan 52 men i oktober har jag ingen m\u00f6jlighet s\u00e5 n\u00e4sta efter denna blir i november. \u00c4r du intresserad&#8230;<\/p>\n","protected":false},"author":2,"featured_media":0,"comment_status":"open","ping_status":"closed","sticky":false,"template":"","format":"standard","meta":[],"categories":[9],"tags":[],"_links":{"self":[{"href":"https:\/\/storytellers.se\/index.php?rest_route=\/wp\/v2\/posts\/1136"}],"collection":[{"href":"https:\/\/storytellers.se\/index.php?rest_route=\/wp\/v2\/posts"}],"about":[{"href":"https:\/\/storytellers.se\/index.php?rest_route=\/wp\/v2\/types\/post"}],"author":[{"embeddable":true,"href":"https:\/\/storytellers.se\/index.php?rest_route=\/wp\/v2\/users\/2"}],"replies":[{"embeddable":true,"href":"https:\/\/storytellers.se\/index.php?rest_route=%2Fwp%2Fv2%2Fcomments&post=1136"}],"version-history":[{"count":0,"href":"https:\/\/storytellers.se\/index.php?rest_route=\/wp\/v2\/posts\/1136\/revisions"}],"wp:attachment":[{"href":"https:\/\/storytellers.se\/index.php?rest_route=%2Fwp%2Fv2%2Fmedia&parent=1136"}],"wp:term":[{"taxonomy":"category","embeddable":true,"href":"https:\/\/storytellers.se\/index.php?rest_route=%2Fwp%2Fv2%2Fcategories&post=1136"},{"taxonomy":"post_tag","embeddable":true,"href":"https:\/\/storytellers.se\/index.php?rest_route=%2Fwp%2Fv2%2Ftags&post=1136"}],"curies":[{"name":"wp","href":"https:\/\/api.w.org\/{rel}","templated":true}]}}