{"id":1132,"date":"2006-08-18T16:12:23","date_gmt":"2006-08-18T15:12:23","guid":{"rendered":"http:\/\/heijbel.wordpress.com\/2006\/08\/18\/storyduschen-pa-gang"},"modified":"2006-08-18T16:12:23","modified_gmt":"2006-08-18T15:12:23","slug":"storyduschen-pa-gang","status":"publish","type":"post","link":"https:\/\/storytellers.se\/?p=1132","title":{"rendered":"Storyduschen p\u00e5 g\u00e5ng"},"content":{"rendered":"<p>Nu har jag tillsammans med en leverant\u00f6r av specialriktade h\u00f6gtalare provat id\u00e9n med storydusch. Och det fungerar bra. Tanken \u00e4r&#8230;<\/p>\n<p><!--more--><br \/>\n&#8230;att man erbjuder viktiga f\u00f6retagsber\u00e4ttelser p\u00e5 platser d\u00e4r den som \u00e4r intresserad sj\u00e4lv kan v\u00e4lja att lyssna eller inte. Kanske \u00e4r det i en lobby, en foaj\u00e9, en v\u00e4nthall. Helt enkelt n\u00e5gonstans d\u00e4r m\u00e4nniskor \u00e4nd\u00e5 m\u00e5ste vara en stund.<br \/>\nD\u00e4r kan det exempelvis finnas n\u00e5gra stolar med en storyskylt d\u00e4r man s\u00e4tter sig om man vill lyssna p\u00e5 organisationens viktigaste ber\u00e4ttelser. Ljudet h\u00f6rs exakt d\u00e4r men smutsar inte ner den \u00f6vriga ljudmilj\u00f6n. Detta g\u00e5r allts\u00e5 tack vare sinnrika h\u00f6gtalare med extremt riktat ljud.<br \/>\nDessa \u00e4r f\u00f6rv\u00e5nansv\u00e4rt billiga s\u00e5 detta \u00e4r ett sp\u00e4nnande merv\u00e4rde som man kan f\u00e5 ut ur sina storysk\u00f6rd. Kanske \u00e4r inte alla intresserade av att f\u00f6rdriva sin v\u00e4ntan med storykonsumtion. Men kanske 20-30-40 procent kan lockas av id\u00e9n.  De kan v\u00e4rvas till ambassad\u00f6rer om man har n\u00e5gra bra dramaturgiskt f\u00f6rpackade stories att erbjuda som storyexempel.<br \/>\n\u2013 Jag h\u00f6rde att f\u00f6rtaget XX kom p\u00e5 sin nya aff\u00e4rsid\u00e9 en dag n\u00e4r en av medarbetarna just hade kommit till kontoret&#8230;.<br \/>\n&#8230;s\u00e5 kan det kanske l\u00e5ta n\u00e4r ambassad\u00f6ren frivilligt b\u00f6rjar f\u00f6ra ber\u00e4ttelserna vidare.<br \/>\nOrdet storydusch har jag hittat p\u00e5. Man brukar n\u00e4mligen kalla riktat ljud f\u00f6r ljuddusch. En ljuddusch laddad med stories blir d\u00e5 en storydusch. En som har storyduschar \u00e4r Krsitoffer Lindgren <a href=\"http:\/\/www.westtechscandinavia.com\">http:\/\/westtechscandinavia.com<\/a><\/p>\n","protected":false},"excerpt":{"rendered":"<p>Nu har jag tillsammans med en leverant\u00f6r av specialriktade h\u00f6gtalare provat id\u00e9n med storydusch. Och det fungerar bra. Tanken \u00e4r&#8230;<\/p>\n","protected":false},"author":2,"featured_media":0,"comment_status":"open","ping_status":"closed","sticky":false,"template":"","format":"standard","meta":[],"categories":[2],"tags":[],"_links":{"self":[{"href":"https:\/\/storytellers.se\/index.php?rest_route=\/wp\/v2\/posts\/1132"}],"collection":[{"href":"https:\/\/storytellers.se\/index.php?rest_route=\/wp\/v2\/posts"}],"about":[{"href":"https:\/\/storytellers.se\/index.php?rest_route=\/wp\/v2\/types\/post"}],"author":[{"embeddable":true,"href":"https:\/\/storytellers.se\/index.php?rest_route=\/wp\/v2\/users\/2"}],"replies":[{"embeddable":true,"href":"https:\/\/storytellers.se\/index.php?rest_route=%2Fwp%2Fv2%2Fcomments&post=1132"}],"version-history":[{"count":0,"href":"https:\/\/storytellers.se\/index.php?rest_route=\/wp\/v2\/posts\/1132\/revisions"}],"wp:attachment":[{"href":"https:\/\/storytellers.se\/index.php?rest_route=%2Fwp%2Fv2%2Fmedia&parent=1132"}],"wp:term":[{"taxonomy":"category","embeddable":true,"href":"https:\/\/storytellers.se\/index.php?rest_route=%2Fwp%2Fv2%2Fcategories&post=1132"},{"taxonomy":"post_tag","embeddable":true,"href":"https:\/\/storytellers.se\/index.php?rest_route=%2Fwp%2Fv2%2Ftags&post=1132"}],"curies":[{"name":"wp","href":"https:\/\/api.w.org\/{rel}","templated":true}]}}