{"id":1130,"date":"2006-08-15T14:00:46","date_gmt":"2006-08-15T13:00:46","guid":{"rendered":"http:\/\/heijbel.wordpress.com\/2006\/08\/15\/svenska-institutet-2"},"modified":"2006-08-15T14:00:46","modified_gmt":"2006-08-15T13:00:46","slug":"svenska-institutet-2","status":"publish","type":"post","link":"https:\/\/storytellers.se\/?p=1130","title":{"rendered":"Svenska institutet"},"content":{"rendered":"<p>Svenska institutet har i sommar upphandlat Corporate Storytelling i sitt ramavtal r\u00f6rande tj\u00e4nster inom IT och marknadskommunikation 2006&#8230;<\/p>\n<p><!--more--><br \/>\n&#8230;Matts Heijbel deltog i samarbete med Tullbergs Kommunikationsbyr\u00e5 i upphandlingen. Tullbergs och Storytellers Heijbel &amp; Co delar sedan n\u00e5gra \u00e5r lokaler p\u00e5 Hornsgatan 52 vid Mariatorget.<br \/>\nTullbergs, som har en stark kulturprofil, jobbar \u00e5t b\u00e5de kulturinstitutioner och n\u00e4ringsliv. Kommunikationsbyr\u00e5n fick vid upphandlingen, d\u00e4r allts\u00e5 Corporate Storytelling ing\u00e5r i erbjudandet, den h\u00f6gsta v\u00e4rderingen av alla konkurrerande byr\u00e5er inom kategorin Content, d\u00e4r allts\u00e5 v\u00e5rt storytellingerbjudande nu ing\u00e5r.<br \/>\nTotalt 47 byr\u00e5er l\u00e4mnade anbud till Svenska institutet.<\/p>\n","protected":false},"excerpt":{"rendered":"<p>Svenska institutet har i sommar upphandlat Corporate Storytelling i sitt ramavtal r\u00f6rande tj\u00e4nster inom IT och marknadskommunikation 2006&#8230;<\/p>\n","protected":false},"author":2,"featured_media":0,"comment_status":"open","ping_status":"closed","sticky":false,"template":"","format":"standard","meta":[],"categories":[9],"tags":[],"_links":{"self":[{"href":"https:\/\/storytellers.se\/index.php?rest_route=\/wp\/v2\/posts\/1130"}],"collection":[{"href":"https:\/\/storytellers.se\/index.php?rest_route=\/wp\/v2\/posts"}],"about":[{"href":"https:\/\/storytellers.se\/index.php?rest_route=\/wp\/v2\/types\/post"}],"author":[{"embeddable":true,"href":"https:\/\/storytellers.se\/index.php?rest_route=\/wp\/v2\/users\/2"}],"replies":[{"embeddable":true,"href":"https:\/\/storytellers.se\/index.php?rest_route=%2Fwp%2Fv2%2Fcomments&post=1130"}],"version-history":[{"count":0,"href":"https:\/\/storytellers.se\/index.php?rest_route=\/wp\/v2\/posts\/1130\/revisions"}],"wp:attachment":[{"href":"https:\/\/storytellers.se\/index.php?rest_route=%2Fwp%2Fv2%2Fmedia&parent=1130"}],"wp:term":[{"taxonomy":"category","embeddable":true,"href":"https:\/\/storytellers.se\/index.php?rest_route=%2Fwp%2Fv2%2Fcategories&post=1130"},{"taxonomy":"post_tag","embeddable":true,"href":"https:\/\/storytellers.se\/index.php?rest_route=%2Fwp%2Fv2%2Ftags&post=1130"}],"curies":[{"name":"wp","href":"https:\/\/api.w.org\/{rel}","templated":true}]}}