{"id":1126,"date":"2006-08-10T13:30:59","date_gmt":"2006-08-10T12:30:59","guid":{"rendered":"http:\/\/heijbel.wordpress.com\/2006\/08\/10\/storytelling-pa-saab"},"modified":"2006-08-10T13:30:59","modified_gmt":"2006-08-10T12:30:59","slug":"storytelling-pa-saab","status":"publish","type":"post","link":"https:\/\/storytellers.se\/?p=1126","title":{"rendered":"Storytelling p\u00e5 Saab"},"content":{"rendered":"<p>Vid tv\u00e5 tillf\u00e4llen nu i september ska jag introducera Corporate Storytelling i f\u00f6rsvarsindustrikoncernen Saab som har 13.000 anst\u00e4llda. Jag ska i f\u00f6rsta hand f\u00f6rel\u00e4sa och utbilda kommunikationsm\u00e4nniskor med m\u00e5let att f\u00e5 fram en f\u00f6rsta sk\u00f6rd av Saabstories.<\/p>\n","protected":false},"excerpt":{"rendered":"<p>Vid tv\u00e5 tillf\u00e4llen nu i september ska jag introducera Corporate Storytelling i f\u00f6rsvarsindustrikoncernen Saab som har 13.000 anst\u00e4llda. Jag ska i f\u00f6rsta hand f\u00f6rel\u00e4sa och utbilda kommunikationsm\u00e4nniskor med m\u00e5let att f\u00e5 fram en f\u00f6rsta sk\u00f6rd av Saabstories.<\/p>\n","protected":false},"author":2,"featured_media":0,"comment_status":"open","ping_status":"closed","sticky":false,"template":"","format":"standard","meta":[],"categories":[9],"tags":[],"_links":{"self":[{"href":"https:\/\/storytellers.se\/index.php?rest_route=\/wp\/v2\/posts\/1126"}],"collection":[{"href":"https:\/\/storytellers.se\/index.php?rest_route=\/wp\/v2\/posts"}],"about":[{"href":"https:\/\/storytellers.se\/index.php?rest_route=\/wp\/v2\/types\/post"}],"author":[{"embeddable":true,"href":"https:\/\/storytellers.se\/index.php?rest_route=\/wp\/v2\/users\/2"}],"replies":[{"embeddable":true,"href":"https:\/\/storytellers.se\/index.php?rest_route=%2Fwp%2Fv2%2Fcomments&post=1126"}],"version-history":[{"count":0,"href":"https:\/\/storytellers.se\/index.php?rest_route=\/wp\/v2\/posts\/1126\/revisions"}],"wp:attachment":[{"href":"https:\/\/storytellers.se\/index.php?rest_route=%2Fwp%2Fv2%2Fmedia&parent=1126"}],"wp:term":[{"taxonomy":"category","embeddable":true,"href":"https:\/\/storytellers.se\/index.php?rest_route=%2Fwp%2Fv2%2Fcategories&post=1126"},{"taxonomy":"post_tag","embeddable":true,"href":"https:\/\/storytellers.se\/index.php?rest_route=%2Fwp%2Fv2%2Ftags&post=1126"}],"curies":[{"name":"wp","href":"https:\/\/api.w.org\/{rel}","templated":true}]}}