{"id":1120,"date":"2006-07-30T15:16:49","date_gmt":"2006-07-30T14:16:49","guid":{"rendered":"http:\/\/heijbel.wordpress.com\/2006\/07\/30\/berattelsernas-uppgift"},"modified":"2006-07-30T15:16:49","modified_gmt":"2006-07-30T14:16:49","slug":"berattelsernas-uppgift","status":"publish","type":"post","link":"https:\/\/storytellers.se\/?p=1120","title":{"rendered":"Ber\u00e4ttelsernas uppgift"},"content":{"rendered":"<p>F\u00f6r oss som h\u00e5ller p\u00e5 med Corporate Storytelling \u00e4r det naturligt att se det som att ber\u00e4ttelserna i organisationen har en kulturell uppgift, kanske till och med ett uppdrag&#8230;<\/p>\n<p><!--more--><br \/>\n&#8230;. ber\u00e4ttelsen kan exempelvis ha uppgiften att, p\u00e5 ett m\u00e5lande bildm\u00e4ssigt s\u00e4tt, beskriva h\u00e4ndelser som g\u00f6r det l\u00e4ttare f\u00f6r oss alla att f\u00f6rst\u00e5 varf\u00f6r vi \u00f6verhuvudtaget finns i f\u00f6retaget eller organisationen&#8230;<br \/>\n&#8230;vilket ger identitet.<br \/>\nVi kan f\u00e5 ta del av ett kollektivt minneskapital, en kultur, som visar meningen med v\u00e5rt arbete. I forskningssammanhang talar man ibland om det institutionella minnet&#8230;<br \/>\n&#8230;vilket l\u00e5ter oss dela erfarenheter.<br \/>\nGenom att i ber\u00e4ttelserna visa vilka vi \u00e4r, var vi kommer ifr\u00e5n och vart vi \u00e4r p\u00e5 v\u00e4g s\u00e5 kan vi l\u00e4ttare locka och skola in nya medlemmar i v\u00e5r organisation&#8230;<br \/>\n&#8230;vilket underl\u00e4ttar rekrytering.<br \/>\nVi kan ocks\u00e5 st\u00e4rka v\u00e5r sj\u00e4lvbild som proffs&#8230;<br \/>\n&#8230;vilket bygger gemenskap och sj\u00e4lvk\u00e4nsla.<br \/>\nBer\u00e4ttelserna kan ocks\u00e5 skissa p\u00e5 t\u00e4nkbara framtidsm\u00f6jligheter genom att vi tidigt uppm\u00e4rksammar och beskriver \u00f6nskv\u00e4rda h\u00e4ndelser och beteenden&#8230;<br \/>\n&#8230;vilket ger visioner.<\/p>\n","protected":false},"excerpt":{"rendered":"<p>F\u00f6r oss som h\u00e5ller p\u00e5 med Corporate Storytelling \u00e4r det naturligt att se det som att ber\u00e4ttelserna i organisationen har en kulturell uppgift, kanske till och med ett uppdrag&#8230;<\/p>\n","protected":false},"author":2,"featured_media":0,"comment_status":"open","ping_status":"closed","sticky":false,"template":"","format":"standard","meta":[],"categories":[2],"tags":[],"_links":{"self":[{"href":"https:\/\/storytellers.se\/index.php?rest_route=\/wp\/v2\/posts\/1120"}],"collection":[{"href":"https:\/\/storytellers.se\/index.php?rest_route=\/wp\/v2\/posts"}],"about":[{"href":"https:\/\/storytellers.se\/index.php?rest_route=\/wp\/v2\/types\/post"}],"author":[{"embeddable":true,"href":"https:\/\/storytellers.se\/index.php?rest_route=\/wp\/v2\/users\/2"}],"replies":[{"embeddable":true,"href":"https:\/\/storytellers.se\/index.php?rest_route=%2Fwp%2Fv2%2Fcomments&post=1120"}],"version-history":[{"count":0,"href":"https:\/\/storytellers.se\/index.php?rest_route=\/wp\/v2\/posts\/1120\/revisions"}],"wp:attachment":[{"href":"https:\/\/storytellers.se\/index.php?rest_route=%2Fwp%2Fv2%2Fmedia&parent=1120"}],"wp:term":[{"taxonomy":"category","embeddable":true,"href":"https:\/\/storytellers.se\/index.php?rest_route=%2Fwp%2Fv2%2Fcategories&post=1120"},{"taxonomy":"post_tag","embeddable":true,"href":"https:\/\/storytellers.se\/index.php?rest_route=%2Fwp%2Fv2%2Ftags&post=1120"}],"curies":[{"name":"wp","href":"https:\/\/api.w.org\/{rel}","templated":true}]}}