{"id":1118,"date":"2006-07-27T15:46:06","date_gmt":"2006-07-27T14:46:06","guid":{"rendered":"http:\/\/heijbel.wordpress.com\/2006\/07\/27\/konferens-i-november"},"modified":"2006-07-27T15:46:06","modified_gmt":"2006-07-27T14:46:06","slug":"konferens-i-november","status":"publish","type":"post","link":"https:\/\/storytellers.se\/?p=1118","title":{"rendered":"Konferens i november"},"content":{"rendered":"<p>Den 22-23 november \u00e4r det Corporate Storytellingkonferens i Stockholm. Rader av exempel kommer att presenteras och Matts Heijbel \u00e4r moderator och f\u00f6rel\u00e4sare. Andra talare \u00e4r&#8230;<\/p>\n<p><!--more--><br \/>\n&#8230;exempelvis den legendariske tidningsmannen Bo Str\u00f6mstedt. Kelly Odell, marknadsdirekt\u00f6r p\u00e5 TeliaSonera, ber\u00e4ttar bl a om TeliaSonerafamiljen som vi ser i TV-reklamen.<br \/>\nVi f\u00e5r exempelber\u00e4ttelser fr\u00e5n Skandia, Nyn\u00e4s Naphthenics, och Hewlett Packard. Gabriel Sundqvist, grundaren av Pronto Communication, ber\u00e4ttar om hur Pronto f\u00f6rs\u00f6ker n\u00e5 unga via ber\u00e4ttelser p\u00e5 n\u00e4tet.<br \/>\nStaffan Dopping ber\u00e4ttar om f\u00f6rsvarsmakten d\u00e4r han numera \u00e4r informationsdirekt\u00f6r och vi f\u00e5r ber\u00e4ttelser fr\u00e5n nybyggarf\u00f6retaget Arlanda Express, H\u00e4stens S\u00e4ngar och SAS Sverige.<br \/>\nMathias Gullbrandson fr\u00e5n The Story Lab ber\u00e4ttar om v\u00e4rderingsstyrning i f\u00f6retag. Hans Johansson f d VD f\u00f6r Semcon ber\u00e4ttar om v\u00e4rderingsstyrning i Semconkulturen.<br \/>\nEtt brett och sp\u00e4nnande grepp kring Corporate Storytelling allts\u00e5. L\u00e4s mer p\u00e5 <a href=\"http:\/\/www.euroforum.net\/engis\/controller.jsp?view=product&amp;product_id=20001405472\">http:\/\/euroforum.net<\/a><\/p>\n","protected":false},"excerpt":{"rendered":"<p>Den 22-23 november \u00e4r det Corporate Storytellingkonferens i Stockholm. Rader av exempel kommer att presenteras och Matts Heijbel \u00e4r moderator och f\u00f6rel\u00e4sare. Andra talare \u00e4r&#8230;<\/p>\n","protected":false},"author":2,"featured_media":0,"comment_status":"open","ping_status":"closed","sticky":false,"template":"","format":"standard","meta":[],"categories":[9],"tags":[],"_links":{"self":[{"href":"https:\/\/storytellers.se\/index.php?rest_route=\/wp\/v2\/posts\/1118"}],"collection":[{"href":"https:\/\/storytellers.se\/index.php?rest_route=\/wp\/v2\/posts"}],"about":[{"href":"https:\/\/storytellers.se\/index.php?rest_route=\/wp\/v2\/types\/post"}],"author":[{"embeddable":true,"href":"https:\/\/storytellers.se\/index.php?rest_route=\/wp\/v2\/users\/2"}],"replies":[{"embeddable":true,"href":"https:\/\/storytellers.se\/index.php?rest_route=%2Fwp%2Fv2%2Fcomments&post=1118"}],"version-history":[{"count":0,"href":"https:\/\/storytellers.se\/index.php?rest_route=\/wp\/v2\/posts\/1118\/revisions"}],"wp:attachment":[{"href":"https:\/\/storytellers.se\/index.php?rest_route=%2Fwp%2Fv2%2Fmedia&parent=1118"}],"wp:term":[{"taxonomy":"category","embeddable":true,"href":"https:\/\/storytellers.se\/index.php?rest_route=%2Fwp%2Fv2%2Fcategories&post=1118"},{"taxonomy":"post_tag","embeddable":true,"href":"https:\/\/storytellers.se\/index.php?rest_route=%2Fwp%2Fv2%2Ftags&post=1118"}],"curies":[{"name":"wp","href":"https:\/\/api.w.org\/{rel}","templated":true}]}}