{"id":1114,"date":"2006-07-20T14:51:02","date_gmt":"2006-07-20T13:51:02","guid":{"rendered":"http:\/\/heijbel.wordpress.com\/2006\/07\/20\/finanssymposium-i-osterrike"},"modified":"2006-07-20T14:51:02","modified_gmt":"2006-07-20T13:51:02","slug":"finanssymposium-i-osterrike","status":"publish","type":"post","link":"https:\/\/storytellers.se\/?p=1114","title":{"rendered":"Finanssymposium i \u00d6sterrike"},"content":{"rendered":"<p>Matts Heijbel medverkar i F\u00f6reningsSparbankens FinansSymposium i Steigersbach n\u00e4ra Graz i \u00d6sterrike den 25e-26e september. Finanssymposiet \u00e4r en \u00e5rlig sammankomst f\u00f6r&#8230;<\/p>\n<p><!--more--><br \/>\n&#8230;en grupp utvalda VD:ar och finansdirekt\u00f6rer\/finanschefer i svenska b\u00f6rsnoterade f\u00f6retag samt st\u00f6rre institutioner. Det handlar om beslutsfattare som tr\u00e4ffas f\u00f6r att diskutera viktiga framtidstankar och umg\u00e5s informellt.<br \/>\nMatts Heijbels roll, som inbjuden talare, blir att tala om Corporate Storytelling i ett globaliseringsperspektiv och om ber\u00e4ttelserna som ett kapital som finns i alla organistioner.<br \/>\nDet narrativa kapitalet \u00e4r ett kapital som man kan l\u00e5ta arbeta f\u00f6r att bygga kultur, locka medarbetare och skicka merv\u00e4rden med varor och tj\u00e4nster.<br \/>\nF\u00f6rutom Matts Heijbel medverkar i bokstavsordning som talare:<br \/>\nHugo Fromlet, chefekonom p\u00e5 F\u00f6reningsSparbanken, Noreena Hertz, professor vid Cambridge University, en av v\u00e4rldens ledande globaliseringsexperter och kritiskt engagerad i f\u00f6retagens roll i globaliseringen, Manuel Knight, psykolog och utvecklingskonsult med ett f\u00f6rflutet i amerikanska &#8221;Special Forces&#8221;, Jan Lid\u00e9n VD &amp; koncernchef p\u00e5 F\u00f6reningsSparbanken ( publ ) och Stina Lundberg Dabrowski som bland annat intervjuat statsm\u00e4n och celebriteter \u00f6ver hela v\u00e4rlden.<\/p>\n","protected":false},"excerpt":{"rendered":"<p>Matts Heijbel medverkar i F\u00f6reningsSparbankens FinansSymposium i Steigersbach n\u00e4ra Graz i \u00d6sterrike den 25e-26e september. Finanssymposiet \u00e4r en \u00e5rlig sammankomst f\u00f6r&#8230;<\/p>\n","protected":false},"author":2,"featured_media":0,"comment_status":"open","ping_status":"closed","sticky":false,"template":"","format":"standard","meta":[],"categories":[9],"tags":[],"_links":{"self":[{"href":"https:\/\/storytellers.se\/index.php?rest_route=\/wp\/v2\/posts\/1114"}],"collection":[{"href":"https:\/\/storytellers.se\/index.php?rest_route=\/wp\/v2\/posts"}],"about":[{"href":"https:\/\/storytellers.se\/index.php?rest_route=\/wp\/v2\/types\/post"}],"author":[{"embeddable":true,"href":"https:\/\/storytellers.se\/index.php?rest_route=\/wp\/v2\/users\/2"}],"replies":[{"embeddable":true,"href":"https:\/\/storytellers.se\/index.php?rest_route=%2Fwp%2Fv2%2Fcomments&post=1114"}],"version-history":[{"count":0,"href":"https:\/\/storytellers.se\/index.php?rest_route=\/wp\/v2\/posts\/1114\/revisions"}],"wp:attachment":[{"href":"https:\/\/storytellers.se\/index.php?rest_route=%2Fwp%2Fv2%2Fmedia&parent=1114"}],"wp:term":[{"taxonomy":"category","embeddable":true,"href":"https:\/\/storytellers.se\/index.php?rest_route=%2Fwp%2Fv2%2Fcategories&post=1114"},{"taxonomy":"post_tag","embeddable":true,"href":"https:\/\/storytellers.se\/index.php?rest_route=%2Fwp%2Fv2%2Ftags&post=1114"}],"curies":[{"name":"wp","href":"https:\/\/api.w.org\/{rel}","templated":true}]}}