{"id":1104,"date":"2006-07-05T12:07:38","date_gmt":"2006-07-05T11:07:38","guid":{"rendered":"http:\/\/heijbel.wordpress.com\/2006\/07\/05\/traffas-pa-storyfrukost"},"modified":"2006-07-05T12:07:38","modified_gmt":"2006-07-05T11:07:38","slug":"traffas-pa-storyfrukost","status":"publish","type":"post","link":"https:\/\/storytellers.se\/?p=1104","title":{"rendered":"Tr\u00e4ffas p\u00e5 storyfrukost"},"content":{"rendered":"<p>Den 7 september klockan 08.00 kommer n\u00e4sta Storyfrukost p\u00e5 Hornsgatan 52. Jag l\u00e4mnar d\u00e5 en rapport av hur det ser ut p\u00e5 Corporate Storytellerscenen och svarar p\u00e5 fr\u00e5gor efter\u00e5t.<br \/>\n\u00c4r du intresserad s\u00e5 anm\u00e4l dig p\u00e5 info@storytellers.se jag debiterar 250 sek \/ pers f\u00f6r att t\u00e4cka omkostnaderna n\u00e4r det drar ihop sig. Det g\u00e5r ocks\u00e5 att s\u00e4tta in 250 sek p\u00e5 pg 15094-6 och skriva deltagarens namn och ordet Storyfrukost 060907 p\u00e5 avin.<\/p>\n","protected":false},"excerpt":{"rendered":"<p>Den 7 september klockan 08.00 kommer n\u00e4sta Storyfrukost p\u00e5 Hornsgatan 52. Jag l\u00e4mnar d\u00e5 en rapport av hur det ser ut p\u00e5 Corporate Storytellerscenen och svarar p\u00e5 fr\u00e5gor efter\u00e5t. \u00c4r du intresserad s\u00e5 anm\u00e4l dig p\u00e5 info@storytellers.se jag debiterar 250 sek \/ pers f\u00f6r att t\u00e4cka omkostnaderna n\u00e4r det drar ihop sig. Det g\u00e5r ocks\u00e5&#8230;<\/p>\n","protected":false},"author":2,"featured_media":0,"comment_status":"open","ping_status":"closed","sticky":false,"template":"","format":"standard","meta":[],"categories":[9],"tags":[],"_links":{"self":[{"href":"https:\/\/storytellers.se\/index.php?rest_route=\/wp\/v2\/posts\/1104"}],"collection":[{"href":"https:\/\/storytellers.se\/index.php?rest_route=\/wp\/v2\/posts"}],"about":[{"href":"https:\/\/storytellers.se\/index.php?rest_route=\/wp\/v2\/types\/post"}],"author":[{"embeddable":true,"href":"https:\/\/storytellers.se\/index.php?rest_route=\/wp\/v2\/users\/2"}],"replies":[{"embeddable":true,"href":"https:\/\/storytellers.se\/index.php?rest_route=%2Fwp%2Fv2%2Fcomments&post=1104"}],"version-history":[{"count":0,"href":"https:\/\/storytellers.se\/index.php?rest_route=\/wp\/v2\/posts\/1104\/revisions"}],"wp:attachment":[{"href":"https:\/\/storytellers.se\/index.php?rest_route=%2Fwp%2Fv2%2Fmedia&parent=1104"}],"wp:term":[{"taxonomy":"category","embeddable":true,"href":"https:\/\/storytellers.se\/index.php?rest_route=%2Fwp%2Fv2%2Fcategories&post=1104"},{"taxonomy":"post_tag","embeddable":true,"href":"https:\/\/storytellers.se\/index.php?rest_route=%2Fwp%2Fv2%2Ftags&post=1104"}],"curies":[{"name":"wp","href":"https:\/\/api.w.org\/{rel}","templated":true}]}}