{"id":1102,"date":"2006-07-04T12:00:21","date_gmt":"2006-07-04T11:00:21","guid":{"rendered":"http:\/\/heijbel.wordpress.com\/2006\/07\/04\/almi-stories"},"modified":"2006-07-04T12:00:21","modified_gmt":"2006-07-04T11:00:21","slug":"almi-stories","status":"publish","type":"post","link":"https:\/\/storytellers.se\/?p=1102","title":{"rendered":"Almi-stories"},"content":{"rendered":"<p>Jag arbetar under sommaren med att ta fram en rad Almiber\u00e4ttelser fr\u00e5n olika regioner inom Almi F\u00f6retagspartner. Tanken \u00e4r att g\u00f6ra Almis roll och nytta synligare. Sista dagarna i augusti medverkar jag i en st\u00f6rre sammandragning som Almi har. Jag ska d\u00e5 tala om hur man f\u00f6rst\u00e4rker relationen till kunden, \u00e4garna, medarbetarna och andra intressenter genom att f\u00f6rkroppsliga organisationens v\u00e4rderingar och varum\u00e4rke med hj\u00e4lp av Corporate Storytelling.<\/p>\n","protected":false},"excerpt":{"rendered":"<p>Jag arbetar under sommaren med att ta fram en rad Almiber\u00e4ttelser fr\u00e5n olika regioner inom Almi F\u00f6retagspartner. Tanken \u00e4r att g\u00f6ra Almis roll och nytta synligare. Sista dagarna i augusti medverkar jag i en st\u00f6rre sammandragning som Almi har. Jag ska d\u00e5 tala om hur man f\u00f6rst\u00e4rker relationen till kunden, \u00e4garna, medarbetarna och andra intressenter&#8230;<\/p>\n","protected":false},"author":2,"featured_media":0,"comment_status":"open","ping_status":"closed","sticky":false,"template":"","format":"standard","meta":[],"categories":[9],"tags":[],"_links":{"self":[{"href":"https:\/\/storytellers.se\/index.php?rest_route=\/wp\/v2\/posts\/1102"}],"collection":[{"href":"https:\/\/storytellers.se\/index.php?rest_route=\/wp\/v2\/posts"}],"about":[{"href":"https:\/\/storytellers.se\/index.php?rest_route=\/wp\/v2\/types\/post"}],"author":[{"embeddable":true,"href":"https:\/\/storytellers.se\/index.php?rest_route=\/wp\/v2\/users\/2"}],"replies":[{"embeddable":true,"href":"https:\/\/storytellers.se\/index.php?rest_route=%2Fwp%2Fv2%2Fcomments&post=1102"}],"version-history":[{"count":0,"href":"https:\/\/storytellers.se\/index.php?rest_route=\/wp\/v2\/posts\/1102\/revisions"}],"wp:attachment":[{"href":"https:\/\/storytellers.se\/index.php?rest_route=%2Fwp%2Fv2%2Fmedia&parent=1102"}],"wp:term":[{"taxonomy":"category","embeddable":true,"href":"https:\/\/storytellers.se\/index.php?rest_route=%2Fwp%2Fv2%2Fcategories&post=1102"},{"taxonomy":"post_tag","embeddable":true,"href":"https:\/\/storytellers.se\/index.php?rest_route=%2Fwp%2Fv2%2Ftags&post=1102"}],"curies":[{"name":"wp","href":"https:\/\/api.w.org\/{rel}","templated":true}]}}