{"id":1096,"date":"2006-06-16T14:58:54","date_gmt":"2006-06-16T13:58:54","guid":{"rendered":"http:\/\/heijbel.wordpress.com\/2006\/06\/16\/besokte-spotlight-pr"},"modified":"2006-06-16T14:58:54","modified_gmt":"2006-06-16T13:58:54","slug":"besokte-spotlight-pr","status":"publish","type":"post","link":"https:\/\/storytellers.se\/?p=1096","title":{"rendered":"Bes\u00f6kte Spotlight PR"},"content":{"rendered":"<p>I dag har jag varit p\u00e5 sommarlunch hos Spotlight PR tillsammans med PR-byr\u00e5ns kunder. Spotlight \u00e4r en ung framg\u00e5ngsrik byr\u00e5 byggd av erfarna PR-proffs. Min roll var att i en kort lunchf\u00f6rel\u00e4sning ber\u00e4tta om hur Corporate Storytelling utvecklas i Sverige.<\/p>\n","protected":false},"excerpt":{"rendered":"<p>I dag har jag varit p\u00e5 sommarlunch hos Spotlight PR tillsammans med PR-byr\u00e5ns kunder. Spotlight \u00e4r en ung framg\u00e5ngsrik byr\u00e5 byggd av erfarna PR-proffs. Min roll var att i en kort lunchf\u00f6rel\u00e4sning ber\u00e4tta om hur Corporate Storytelling utvecklas i Sverige.<\/p>\n","protected":false},"author":2,"featured_media":0,"comment_status":"open","ping_status":"closed","sticky":false,"template":"","format":"standard","meta":[],"categories":[2],"tags":[],"_links":{"self":[{"href":"https:\/\/storytellers.se\/index.php?rest_route=\/wp\/v2\/posts\/1096"}],"collection":[{"href":"https:\/\/storytellers.se\/index.php?rest_route=\/wp\/v2\/posts"}],"about":[{"href":"https:\/\/storytellers.se\/index.php?rest_route=\/wp\/v2\/types\/post"}],"author":[{"embeddable":true,"href":"https:\/\/storytellers.se\/index.php?rest_route=\/wp\/v2\/users\/2"}],"replies":[{"embeddable":true,"href":"https:\/\/storytellers.se\/index.php?rest_route=%2Fwp%2Fv2%2Fcomments&post=1096"}],"version-history":[{"count":0,"href":"https:\/\/storytellers.se\/index.php?rest_route=\/wp\/v2\/posts\/1096\/revisions"}],"wp:attachment":[{"href":"https:\/\/storytellers.se\/index.php?rest_route=%2Fwp%2Fv2%2Fmedia&parent=1096"}],"wp:term":[{"taxonomy":"category","embeddable":true,"href":"https:\/\/storytellers.se\/index.php?rest_route=%2Fwp%2Fv2%2Fcategories&post=1096"},{"taxonomy":"post_tag","embeddable":true,"href":"https:\/\/storytellers.se\/index.php?rest_route=%2Fwp%2Fv2%2Ftags&post=1096"}],"curies":[{"name":"wp","href":"https:\/\/api.w.org\/{rel}","templated":true}]}}