{"id":1092,"date":"2006-06-14T12:15:07","date_gmt":"2006-06-14T11:15:07","guid":{"rendered":"http:\/\/heijbel.wordpress.com\/2006\/06\/14\/basta-konferensen-hittills"},"modified":"2006-06-14T12:15:07","modified_gmt":"2006-06-14T11:15:07","slug":"basta-konferensen-hittills","status":"publish","type":"post","link":"https:\/\/storytellers.se\/?p=1092","title":{"rendered":"B\u00e4sta konferensen hittills?"},"content":{"rendered":"<p>Corporate Storytelling i praktiken &#8211; s\u00e5 f\u00e5r din ber\u00e4ttelse genomslag, \u00e4r namnet p\u00e5 en konferens som arrangeras av IBC Euroforum i Stockholm den 22-23 november. Jag \u00e4r anlitad som moderator och dubbel f\u00f6redragsh\u00e5llare. Jag \u00e5terkommer med mer detaljer. Det h\u00e4r blir nog den b\u00e4sta konferensen p\u00e5 omr\u00e5det hittills i Sverige.<\/p>\n","protected":false},"excerpt":{"rendered":"<p>Corporate Storytelling i praktiken &#8211; s\u00e5 f\u00e5r din ber\u00e4ttelse genomslag, \u00e4r namnet p\u00e5 en konferens som arrangeras av IBC Euroforum i Stockholm den 22-23 november. Jag \u00e4r anlitad som moderator och dubbel f\u00f6redragsh\u00e5llare. Jag \u00e5terkommer med mer detaljer. Det h\u00e4r blir nog den b\u00e4sta konferensen p\u00e5 omr\u00e5det hittills i Sverige.<\/p>\n","protected":false},"author":2,"featured_media":0,"comment_status":"open","ping_status":"closed","sticky":false,"template":"","format":"standard","meta":[],"categories":[9],"tags":[],"_links":{"self":[{"href":"https:\/\/storytellers.se\/index.php?rest_route=\/wp\/v2\/posts\/1092"}],"collection":[{"href":"https:\/\/storytellers.se\/index.php?rest_route=\/wp\/v2\/posts"}],"about":[{"href":"https:\/\/storytellers.se\/index.php?rest_route=\/wp\/v2\/types\/post"}],"author":[{"embeddable":true,"href":"https:\/\/storytellers.se\/index.php?rest_route=\/wp\/v2\/users\/2"}],"replies":[{"embeddable":true,"href":"https:\/\/storytellers.se\/index.php?rest_route=%2Fwp%2Fv2%2Fcomments&post=1092"}],"version-history":[{"count":0,"href":"https:\/\/storytellers.se\/index.php?rest_route=\/wp\/v2\/posts\/1092\/revisions"}],"wp:attachment":[{"href":"https:\/\/storytellers.se\/index.php?rest_route=%2Fwp%2Fv2%2Fmedia&parent=1092"}],"wp:term":[{"taxonomy":"category","embeddable":true,"href":"https:\/\/storytellers.se\/index.php?rest_route=%2Fwp%2Fv2%2Fcategories&post=1092"},{"taxonomy":"post_tag","embeddable":true,"href":"https:\/\/storytellers.se\/index.php?rest_route=%2Fwp%2Fv2%2Ftags&post=1092"}],"curies":[{"name":"wp","href":"https:\/\/api.w.org\/{rel}","templated":true}]}}