{"id":1086,"date":"2006-06-04T11:06:12","date_gmt":"2006-06-04T10:06:12","guid":{"rendered":"http:\/\/heijbel.wordpress.com\/2006\/06\/04\/jan-carlzon-emotionell"},"modified":"2006-06-04T11:06:12","modified_gmt":"2006-06-04T10:06:12","slug":"jan-carlzon-emotionell","status":"publish","type":"post","link":"https:\/\/storytellers.se\/?p=1086","title":{"rendered":"Jan Carlzon emotionell?"},"content":{"rendered":"<p>Jag s\u00e5g Lennart Ekdal intervjua Janne Carlzon i TV4:s program Nyhetsmorgon l\u00f6rdag. Carlzon sa d\u00e4r, i sann storytellinganda, att hans ledarskap har pr\u00e4glats av att han blandat information med emotion. Han har, sa han, som chef i bland annat SAS, Vingresor och nu som ordf\u00f6rande i F\u00f6retagarna, insett behovet av emotionellt ber\u00e4ttande i ledarskapet.<\/p>\n","protected":false},"excerpt":{"rendered":"<p>Jag s\u00e5g Lennart Ekdal intervjua Janne Carlzon i TV4:s program Nyhetsmorgon l\u00f6rdag. Carlzon sa d\u00e4r, i sann storytellinganda, att hans ledarskap har pr\u00e4glats av att han blandat information med emotion. Han har, sa han, som chef i bland annat SAS, Vingresor och nu som ordf\u00f6rande i F\u00f6retagarna, insett behovet av emotionellt ber\u00e4ttande i ledarskapet.<\/p>\n","protected":false},"author":2,"featured_media":0,"comment_status":"open","ping_status":"closed","sticky":false,"template":"","format":"standard","meta":[],"categories":[2],"tags":[],"_links":{"self":[{"href":"https:\/\/storytellers.se\/index.php?rest_route=\/wp\/v2\/posts\/1086"}],"collection":[{"href":"https:\/\/storytellers.se\/index.php?rest_route=\/wp\/v2\/posts"}],"about":[{"href":"https:\/\/storytellers.se\/index.php?rest_route=\/wp\/v2\/types\/post"}],"author":[{"embeddable":true,"href":"https:\/\/storytellers.se\/index.php?rest_route=\/wp\/v2\/users\/2"}],"replies":[{"embeddable":true,"href":"https:\/\/storytellers.se\/index.php?rest_route=%2Fwp%2Fv2%2Fcomments&post=1086"}],"version-history":[{"count":0,"href":"https:\/\/storytellers.se\/index.php?rest_route=\/wp\/v2\/posts\/1086\/revisions"}],"wp:attachment":[{"href":"https:\/\/storytellers.se\/index.php?rest_route=%2Fwp%2Fv2%2Fmedia&parent=1086"}],"wp:term":[{"taxonomy":"category","embeddable":true,"href":"https:\/\/storytellers.se\/index.php?rest_route=%2Fwp%2Fv2%2Fcategories&post=1086"},{"taxonomy":"post_tag","embeddable":true,"href":"https:\/\/storytellers.se\/index.php?rest_route=%2Fwp%2Fv2%2Ftags&post=1086"}],"curies":[{"name":"wp","href":"https:\/\/api.w.org\/{rel}","templated":true}]}}