{"id":1082,"date":"2006-06-01T15:45:26","date_gmt":"2006-06-01T14:45:26","guid":{"rendered":"http:\/\/heijbel.wordpress.com\/2006\/06\/01\/det-blir-fler-frukostar"},"modified":"2006-06-01T15:45:26","modified_gmt":"2006-06-01T14:45:26","slug":"det-blir-fler-frukostar","status":"publish","type":"post","link":"https:\/\/storytellers.se\/?p=1082","title":{"rendered":"Det blir fler frukostar!"},"content":{"rendered":"<p>I dag hade vi Storyfrukost p\u00e5 Hornsgatan 52. Ett 20-tal storyintresserade hade anm\u00e4lt sig. Med fika och dialog i avsp\u00e4nda former satte vi tillsammans Corporate Storytelling p\u00e5 kartan. Det gav mersmak. Det blir fler Storyfrukostar.<\/p>\n<p><!--more--><br \/>\nFrukostg\u00e4sterna kom fr\u00e5n m\u00e5nga olika branscher. Det var bl a bist\u00e5ndsbranschen, myndigheterna, l\u00e4kemedelsindustrin, f\u00f6rlagsbranschen, svenska verkstadsindustrin och fackf\u00f6reningsr\u00f6relsen som skickat folk till Storyfrukosten.<br \/>\nJag drog lite om bakgrunden till att arbeta med ber\u00e4ttarkapitalet. Hur man g\u00f6r och varf\u00f6r. Jag gav exempel p\u00e5 olika Corporate Stories och det hela avslutades med en halvtimmes diskussion och fr\u00e5gor och tips.<br \/>\nDet blir fler Storyfrukostar. Jag kommer att h\u00e5lla n\u00e4sta frukost klockan 08.00 &#8211; 09.00 + diskussion den f\u00f6rsta torsdagen i september. Tanken \u00e4r att just den f\u00f6rsta torsdagen i varje m\u00e5nad skulle kunna vara en storyfrukostdag.<br \/>\nDe tv\u00e5 sommarm\u00e5naderna juli och augusti hoppar jag allts\u00e5 \u00f6ver.<br \/>\n\u00c4r du intresserad s\u00e5 anm\u00e4l dig p\u00e5 info@storytellers.se jag debiterar 250 sek f\u00f6r att t\u00e4cka omkostnaderna. Det g\u00e5r ocks\u00e5 att s\u00e4tta in 250 sek p\u00e5 pg 15094-6 och skriva deltagarens namn och ordet Storyfrukost 060907 p\u00e5 avin.<\/p>\n","protected":false},"excerpt":{"rendered":"<p>I dag hade vi Storyfrukost p\u00e5 Hornsgatan 52. Ett 20-tal storyintresserade hade anm\u00e4lt sig. Med fika och dialog i avsp\u00e4nda former satte vi tillsammans Corporate Storytelling p\u00e5 kartan. Det gav mersmak. Det blir fler Storyfrukostar.<\/p>\n","protected":false},"author":2,"featured_media":0,"comment_status":"open","ping_status":"closed","sticky":false,"template":"","format":"standard","meta":[],"categories":[9],"tags":[],"_links":{"self":[{"href":"https:\/\/storytellers.se\/index.php?rest_route=\/wp\/v2\/posts\/1082"}],"collection":[{"href":"https:\/\/storytellers.se\/index.php?rest_route=\/wp\/v2\/posts"}],"about":[{"href":"https:\/\/storytellers.se\/index.php?rest_route=\/wp\/v2\/types\/post"}],"author":[{"embeddable":true,"href":"https:\/\/storytellers.se\/index.php?rest_route=\/wp\/v2\/users\/2"}],"replies":[{"embeddable":true,"href":"https:\/\/storytellers.se\/index.php?rest_route=%2Fwp%2Fv2%2Fcomments&post=1082"}],"version-history":[{"count":0,"href":"https:\/\/storytellers.se\/index.php?rest_route=\/wp\/v2\/posts\/1082\/revisions"}],"wp:attachment":[{"href":"https:\/\/storytellers.se\/index.php?rest_route=%2Fwp%2Fv2%2Fmedia&parent=1082"}],"wp:term":[{"taxonomy":"category","embeddable":true,"href":"https:\/\/storytellers.se\/index.php?rest_route=%2Fwp%2Fv2%2Fcategories&post=1082"},{"taxonomy":"post_tag","embeddable":true,"href":"https:\/\/storytellers.se\/index.php?rest_route=%2Fwp%2Fv2%2Ftags&post=1082"}],"curies":[{"name":"wp","href":"https:\/\/api.w.org\/{rel}","templated":true}]}}