{"id":1080,"date":"2006-05-30T11:43:55","date_gmt":"2006-05-30T10:43:55","guid":{"rendered":"http:\/\/heijbel.wordpress.com\/2006\/05\/30\/bygg-en-repertoar-2"},"modified":"2006-05-30T11:43:55","modified_gmt":"2006-05-30T10:43:55","slug":"bygg-en-repertoar-2","status":"publish","type":"post","link":"https:\/\/storytellers.se\/?p=1080","title":{"rendered":"Bygg en repertoar!"},"content":{"rendered":"<p>Ber\u00e4ttelser finns i alla m\u00e4nskliga sammanhang. De b\u00e4r den m\u00e4nskliga kulturen och f\u00f6rklarar varf\u00f6r vi \u00e4r d\u00e4r vi \u00e4r och g\u00f6r det vi g\u00f6r. En Corporate Storyteller g\u00e5r in i organisationsverkligheten d\u00e4r han eller hon sk\u00f6rdar och bygger en repertoar. Storytellern, eller egentligen storylistenern, dukar d\u00e4refter bordet med organisationens egna ber\u00e4ttelser!<\/p>\n<p><!--more--><br \/>\nDet s\u00e4ger sig sj\u00e4lvt att ber\u00e4ttelserna finns i f\u00f6retagen och organisationerna och bland deras olika intressenter. Fr\u00e5gan \u00e4r bara hur och var vi ska hitta ber\u00e4ttelserna.<br \/>\nVad \u00e4r det vi letar efter och hur vi ska anv\u00e4nda dem, n\u00e4r vi v\u00e4l funnit och sk\u00f6rdat dem, f\u00f6r att bli framg\u00e5ngsrika?<br \/>\nDet \u00e4r s\u00e5 resonemangen g\u00e5r n\u00e4r man tar tag i Corporate Storytelling eller Storytelling in Organizations som den h\u00e4r webbplatsen envist handlar om.<br \/>\nF\u00f6rst m\u00e5ste man f\u00f6rst\u00e5 att de finns. Sen m\u00e5ste man veta vilka typer av stories man letar efter och varf\u00f6r man g\u00f6r det. Sen m\u00e5ste man lita p\u00e5 att verkligheten duger. Ber\u00e4ttelserna ska inte vara p\u00e5hittade. De finns d\u00e4r men beh\u00f6ver en professionell dramaturgisk bearbetning f\u00f6r att kunna g\u00f6ra sitt jobb.<br \/>\nN\u00e4r man hittat dem dukar man bordet s\u00e5 att de allts\u00e5 kan g\u00f6ra sitt jobb f\u00f6r f\u00f6retaget eller organisationen. Alla fr\u00e5n sm\u00e5f\u00f6retagaren till v\u00e4rldskoncernen kan arbeta utifr\u00e5n denna insikt.<br \/>\nDet kommer jag bland annat att tala om p\u00e5 den fulltecknade Storyfrukost som jag h\u00e5ller om n\u00e5gra dagar. Intresset har varit s\u00e5 stort att jag kommer att \u00e5terkomma flera g\u00e5nger senare i \u00e5r med Storyfrukost f\u00f6rsta torsdagen i m\u00e5naden.<br \/>\nN\u00e4sta frukost efter den fulltecknade nu p\u00e5 tordag 1 juni kommer att vara torsdagen den 7 september. Meddela mig om du \u00e4r intresserad av det tillf\u00e4llet.<\/p>\n","protected":false},"excerpt":{"rendered":"<p>Ber\u00e4ttelser finns i alla m\u00e4nskliga sammanhang. De b\u00e4r den m\u00e4nskliga kulturen och f\u00f6rklarar varf\u00f6r vi \u00e4r d\u00e4r vi \u00e4r och g\u00f6r det vi g\u00f6r. En Corporate Storyteller g\u00e5r in i organisationsverkligheten d\u00e4r han eller hon sk\u00f6rdar och bygger en repertoar. Storytellern, eller egentligen storylistenern, dukar d\u00e4refter bordet med organisationens egna ber\u00e4ttelser!<\/p>\n","protected":false},"author":2,"featured_media":0,"comment_status":"open","ping_status":"closed","sticky":false,"template":"","format":"standard","meta":[],"categories":[2],"tags":[],"_links":{"self":[{"href":"https:\/\/storytellers.se\/index.php?rest_route=\/wp\/v2\/posts\/1080"}],"collection":[{"href":"https:\/\/storytellers.se\/index.php?rest_route=\/wp\/v2\/posts"}],"about":[{"href":"https:\/\/storytellers.se\/index.php?rest_route=\/wp\/v2\/types\/post"}],"author":[{"embeddable":true,"href":"https:\/\/storytellers.se\/index.php?rest_route=\/wp\/v2\/users\/2"}],"replies":[{"embeddable":true,"href":"https:\/\/storytellers.se\/index.php?rest_route=%2Fwp%2Fv2%2Fcomments&post=1080"}],"version-history":[{"count":0,"href":"https:\/\/storytellers.se\/index.php?rest_route=\/wp\/v2\/posts\/1080\/revisions"}],"wp:attachment":[{"href":"https:\/\/storytellers.se\/index.php?rest_route=%2Fwp%2Fv2%2Fmedia&parent=1080"}],"wp:term":[{"taxonomy":"category","embeddable":true,"href":"https:\/\/storytellers.se\/index.php?rest_route=%2Fwp%2Fv2%2Fcategories&post=1080"},{"taxonomy":"post_tag","embeddable":true,"href":"https:\/\/storytellers.se\/index.php?rest_route=%2Fwp%2Fv2%2Ftags&post=1080"}],"curies":[{"name":"wp","href":"https:\/\/api.w.org\/{rel}","templated":true}]}}