{"id":1076,"date":"2006-05-23T11:33:02","date_gmt":"2006-05-23T10:33:02","guid":{"rendered":"http:\/\/heijbel.wordpress.com\/2006\/05\/23\/en-sas-berattelse"},"modified":"2006-05-23T11:33:02","modified_gmt":"2006-05-23T10:33:02","slug":"en-sas-berattelse","status":"publish","type":"post","link":"https:\/\/storytellers.se\/?p=1076","title":{"rendered":"En SAS-ber\u00e4ttelse"},"content":{"rendered":"<p>Jag var nyligen moderator p\u00e5 ett seminarium om Corporate Storytelling d\u00e4r bland andra SAS Sveriges kommunikationsdirekt\u00f6r Andris Zveinieks talade. N\u00e4r Andris hade ber\u00e4ttat om SAS engagemang i storytelling r\u00e4ckte en av seminariedeltagarna upp handen och fr\u00e5gade om han fick ber\u00e4tta en SAS-story som han sj\u00e4lv hade upplevt p\u00e5 en internationell flight. Klart han fick. Alla sk\u00e4rpte \u00f6ronen n\u00e4r mannen st\u00e4llde sig upp och b\u00f6rjade ber\u00e4tta:<\/p>\n<p><!--more--><br \/>\nHan ber\u00e4ttade att han \u00e4r vegetarian. Nu satt han p\u00e5 ett SAS-plan \u00f6ver Europa och han visste mycket v\u00e4l vet att om man bara s\u00e4ger till innan s\u00e5 kan man f\u00e5 vegetarisk kost p\u00e5 resan.<br \/>\nMen nu hade han gl\u00f6mt att s\u00e4ga till.<br \/>\nHan kallade till sig en flygv\u00e4rdinna och f\u00f6rklarade som det var att han hade gl\u00f6mt att s\u00e4ga till om vegetarisk mat men att han undrade om det kanske \u00e4nd\u00e5 fanns n\u00e5gon vegetarisk tallrik till honom.<br \/>\nFlygv\u00e4rdinnan sa att det knappast var troligt eftersom allt var exakt ber\u00e4knat och dimensionerat efter de passagerare som fanns ombord. Men f\u00f6r s\u00e4kerhets skull skulle hon unders\u00f6ka saken.<br \/>\nMannen tackade och lade till att han mycket v\u00e4l f\u00f6rstod att han inte kunde beg\u00e4ra en vegetarisk kost n\u00e4r han nu inte hade sagt till om det i f\u00f6rhand.<br \/>\nEfter en liten stund kom flygv\u00e4rdinnan tillbaks till mannen och i handen hade hon en tallrik med just vegetarisk kost.<br \/>\n\u2013 Va? Hittade du en portion, fr\u00e5gade mannen.<br \/>\n\u2013 Ja det gjorde jag, sa flygv\u00e4rdinnan.<br \/>\n\u2013 Men hur gick det till, fr\u00e5gade mannen.<br \/>\n\u2013 Det var min portion, sa flygv\u00e4rdinnan.<br \/>\n+++++++++++++++++++++++++++++++++++++++++++<br \/>\nEtt sus gick genom salen och Andris fr\u00e5gade om han fick anv\u00e4nda storyn. Och visst fick han det. En sann ber\u00e4ttelse som kommunicerar tyst vardagskultur.<\/p>\n","protected":false},"excerpt":{"rendered":"<p>Jag var nyligen moderator p\u00e5 ett seminarium om Corporate Storytelling d\u00e4r bland andra SAS Sveriges kommunikationsdirekt\u00f6r Andris Zveinieks talade. N\u00e4r Andris hade ber\u00e4ttat om SAS engagemang i storytelling r\u00e4ckte en av seminariedeltagarna upp handen och fr\u00e5gade om han fick ber\u00e4tta en SAS-story som han sj\u00e4lv hade upplevt p\u00e5 en internationell flight. Klart han fick. Alla&#8230;<\/p>\n","protected":false},"author":2,"featured_media":0,"comment_status":"open","ping_status":"closed","sticky":false,"template":"","format":"standard","meta":[],"categories":[10],"tags":[],"_links":{"self":[{"href":"https:\/\/storytellers.se\/index.php?rest_route=\/wp\/v2\/posts\/1076"}],"collection":[{"href":"https:\/\/storytellers.se\/index.php?rest_route=\/wp\/v2\/posts"}],"about":[{"href":"https:\/\/storytellers.se\/index.php?rest_route=\/wp\/v2\/types\/post"}],"author":[{"embeddable":true,"href":"https:\/\/storytellers.se\/index.php?rest_route=\/wp\/v2\/users\/2"}],"replies":[{"embeddable":true,"href":"https:\/\/storytellers.se\/index.php?rest_route=%2Fwp%2Fv2%2Fcomments&post=1076"}],"version-history":[{"count":0,"href":"https:\/\/storytellers.se\/index.php?rest_route=\/wp\/v2\/posts\/1076\/revisions"}],"wp:attachment":[{"href":"https:\/\/storytellers.se\/index.php?rest_route=%2Fwp%2Fv2%2Fmedia&parent=1076"}],"wp:term":[{"taxonomy":"category","embeddable":true,"href":"https:\/\/storytellers.se\/index.php?rest_route=%2Fwp%2Fv2%2Fcategories&post=1076"},{"taxonomy":"post_tag","embeddable":true,"href":"https:\/\/storytellers.se\/index.php?rest_route=%2Fwp%2Fv2%2Ftags&post=1076"}],"curies":[{"name":"wp","href":"https:\/\/api.w.org\/{rel}","templated":true}]}}