{"id":1074,"date":"2006-05-18T11:24:26","date_gmt":"2006-05-18T10:24:26","guid":{"rendered":"http:\/\/heijbel.wordpress.com\/2006\/05\/18\/pomperipossa-tog-skruv"},"modified":"2006-05-18T11:24:26","modified_gmt":"2006-05-18T10:24:26","slug":"pomperipossa-tog-skruv","status":"publish","type":"post","link":"https:\/\/storytellers.se\/?p=1074","title":{"rendered":"Pomperipossa tog skruv"},"content":{"rendered":"<p>F\u00f6r 30 \u00e5r sen publicerade Expressen Astrid Lindgrens skattesaga om Pomperipossa som betalade 102 procent i skatt. Finansminister Gunnar Str\u00e4ng svarade Astrid Lindgren med maktens arrogans. En del h\u00e4vdar att Pomperipossastoryn ytterst f\u00e4llde regeringen Palme. Nu tar en moderatpolitiker upp sp\u00e5ret.<\/p>\n<p><!--more--><br \/>\nSocialdemokraterna som hade suttit 44 \u00e5r vid makten f\u00f6rlorade n\u00e5gra m\u00e5nader senare valet. Pomperipossasagan \u00e4r utan tvekan ett exempel p\u00e5 ber\u00e4ttelsens makt. I det h\u00e4r fallet i politiken.<br \/>\nExpressens d\u00e5varande chefredakt\u00f6r Bo Str\u00f6mstedt minns att Gunnar Str\u00e4ng gick upp i kammarens talarstol och sa med sin myndiga st\u00e4mma:<br \/>\n\u2013 Ja ber\u00e4tta sagor kan fru Lindgren men r\u00e4kna kan hon inte.<br \/>\nD\u00e5 replikerade Astrid Lindgren:<br \/>\n\u2013 Ber\u00e4tta sagor har Gunnar Str\u00e4ng alltid varit duktig p\u00e5 men att r\u00e4kna har han inte l\u00e4rt sig. Det vore b\u00e4ttre om vi bytte jobb vi tv\u00e5.<br \/>\nI riksdagen sa Gunnar Str\u00e4ng ordagrant:<br \/>\n&#8211; Artikeln \u00e4r en intressant kombination av stimulerande litter\u00e4r f\u00f6rm\u00e5ga och djup okunskap om skattepolitikens irrg\u00e5ngar. Men det beg\u00e4r vi ju inte att Astrid Lindgren ska klara.<br \/>\nMen senare fick han ge sig.<br \/>\nH\u00e4r finns en l\u00e4nk till den historiska h\u00e4ndelsen och Pomperipossasagan <a href=\"http:\/\/web.telia.com\/~u87636339\/Sagan%20om%20Pomperipossa\">http:\/\/web.telia.com\/~u87636339\/Sagan%20om%20Pomperipossa<\/a><br \/>\nNu har frilansskribenten och moderatpolitikern Staffan A Persson i Stockholm tagit upp storysp\u00e5ret i politiken. Inspirerad av Pomperipossasagan publicerar han, med en \u00f6dmjuk reservation, p\u00e5 eget bev\u00e5g, steg f\u00f6r steg n\u00e5gra sagor om dagspolitiken.<br \/>\n\u2013 Vad vet man? Kanske kan mina historier stimulera n\u00e5gon p\u00e5 v\u00e4nsterkanten att kontra med en saga som har ett s-m\u00e4rkt budskap, s\u00e4ger Staffan A Persson.<br \/>\nHan b\u00f6rjar med sagan: N\u00e4r G\u00f6ran fick utl\u00e4ndskt bes\u00f6k.<br \/>\nL\u00e4s sj\u00e4lv p\u00e5 <a href=\"http:\/\/www.moderaterna.net\/ostermalm\/rr.htm\">http:\/\/moderaterna.net\/ostermalm\/rr.htm<\/a><\/p>\n","protected":false},"excerpt":{"rendered":"<p>F\u00f6r 30 \u00e5r sen publicerade Expressen Astrid Lindgrens skattesaga om Pomperipossa som betalade 102 procent i skatt. Finansminister Gunnar Str\u00e4ng svarade Astrid Lindgren med maktens arrogans. En del h\u00e4vdar att Pomperipossastoryn ytterst f\u00e4llde regeringen Palme. Nu tar en moderatpolitiker upp sp\u00e5ret.<\/p>\n","protected":false},"author":2,"featured_media":0,"comment_status":"open","ping_status":"closed","sticky":false,"template":"","format":"standard","meta":[],"categories":[10],"tags":[],"_links":{"self":[{"href":"https:\/\/storytellers.se\/index.php?rest_route=\/wp\/v2\/posts\/1074"}],"collection":[{"href":"https:\/\/storytellers.se\/index.php?rest_route=\/wp\/v2\/posts"}],"about":[{"href":"https:\/\/storytellers.se\/index.php?rest_route=\/wp\/v2\/types\/post"}],"author":[{"embeddable":true,"href":"https:\/\/storytellers.se\/index.php?rest_route=\/wp\/v2\/users\/2"}],"replies":[{"embeddable":true,"href":"https:\/\/storytellers.se\/index.php?rest_route=%2Fwp%2Fv2%2Fcomments&post=1074"}],"version-history":[{"count":0,"href":"https:\/\/storytellers.se\/index.php?rest_route=\/wp\/v2\/posts\/1074\/revisions"}],"wp:attachment":[{"href":"https:\/\/storytellers.se\/index.php?rest_route=%2Fwp%2Fv2%2Fmedia&parent=1074"}],"wp:term":[{"taxonomy":"category","embeddable":true,"href":"https:\/\/storytellers.se\/index.php?rest_route=%2Fwp%2Fv2%2Fcategories&post=1074"},{"taxonomy":"post_tag","embeddable":true,"href":"https:\/\/storytellers.se\/index.php?rest_route=%2Fwp%2Fv2%2Ftags&post=1074"}],"curies":[{"name":"wp","href":"https:\/\/api.w.org\/{rel}","templated":true}]}}