{"id":1072,"date":"2006-05-17T09:40:20","date_gmt":"2006-05-17T08:40:20","guid":{"rendered":"http:\/\/heijbel.wordpress.com\/2006\/05\/17\/inleder-destinationsdagen"},"modified":"2006-05-17T09:40:20","modified_gmt":"2006-05-17T08:40:20","slug":"inleder-destinationsdagen","status":"publish","type":"post","link":"https:\/\/storytellers.se\/?p=1072","title":{"rendered":"Inleder Destinationsdagen"},"content":{"rendered":"<p>Den 17 oktober inleder jag Destinationsdagen som geomf\u00f6rs p\u00e5 Svenska M\u00e4ssan i G\u00f6teborg. Det \u00e4r F\u00f6reningen Turism i Sverige, F\u00f6rTur, som bjudit in mig eftersom de f\u00f6rst\u00e5tt att turistn\u00e4ringen lockas av storytelling. Jag kommer bl a att visa upp en del olika storyverktyg och ge exempel p\u00e5 Sverigebildstories h\u00e4mtade fr\u00e5n verkligheten.<br \/>\nF\u00f6rTur har adressen <a href=\"http:\/\/www.turism.se\">http:\/\/turism.se<\/a><\/p>\n","protected":false},"excerpt":{"rendered":"<p>Den 17 oktober inleder jag Destinationsdagen som geomf\u00f6rs p\u00e5 Svenska M\u00e4ssan i G\u00f6teborg. Det \u00e4r F\u00f6reningen Turism i Sverige, F\u00f6rTur, som bjudit in mig eftersom de f\u00f6rst\u00e5tt att turistn\u00e4ringen lockas av storytelling. Jag kommer bl a att visa upp en del olika storyverktyg och ge exempel p\u00e5 Sverigebildstories h\u00e4mtade fr\u00e5n verkligheten. F\u00f6rTur har adressen http:\/\/turism.se<\/p>\n","protected":false},"author":2,"featured_media":0,"comment_status":"open","ping_status":"closed","sticky":false,"template":"","format":"standard","meta":[],"categories":[9],"tags":[],"_links":{"self":[{"href":"https:\/\/storytellers.se\/index.php?rest_route=\/wp\/v2\/posts\/1072"}],"collection":[{"href":"https:\/\/storytellers.se\/index.php?rest_route=\/wp\/v2\/posts"}],"about":[{"href":"https:\/\/storytellers.se\/index.php?rest_route=\/wp\/v2\/types\/post"}],"author":[{"embeddable":true,"href":"https:\/\/storytellers.se\/index.php?rest_route=\/wp\/v2\/users\/2"}],"replies":[{"embeddable":true,"href":"https:\/\/storytellers.se\/index.php?rest_route=%2Fwp%2Fv2%2Fcomments&post=1072"}],"version-history":[{"count":0,"href":"https:\/\/storytellers.se\/index.php?rest_route=\/wp\/v2\/posts\/1072\/revisions"}],"wp:attachment":[{"href":"https:\/\/storytellers.se\/index.php?rest_route=%2Fwp%2Fv2%2Fmedia&parent=1072"}],"wp:term":[{"taxonomy":"category","embeddable":true,"href":"https:\/\/storytellers.se\/index.php?rest_route=%2Fwp%2Fv2%2Fcategories&post=1072"},{"taxonomy":"post_tag","embeddable":true,"href":"https:\/\/storytellers.se\/index.php?rest_route=%2Fwp%2Fv2%2Ftags&post=1072"}],"curies":[{"name":"wp","href":"https:\/\/api.w.org\/{rel}","templated":true}]}}