{"id":1070,"date":"2006-05-16T13:19:24","date_gmt":"2006-05-16T12:19:24","guid":{"rendered":"http:\/\/heijbel.wordpress.com\/2006\/05\/16\/hur-man-tolkar-en-story"},"modified":"2006-05-16T13:19:24","modified_gmt":"2006-05-16T12:19:24","slug":"hur-man-tolkar-en-story","status":"publish","type":"post","link":"https:\/\/storytellers.se\/?p=1070","title":{"rendered":"Hur man tolkar en story"},"content":{"rendered":"<p>Fr\u00e5ga:<br \/>\nOm man sysslar med f\u00f6retagsber\u00e4ttelser, som du talar om dem, kan lyssnaren d\u00e5 sj\u00e4lv subjektivt tolka det han\/hon ser eller h\u00f6r ungef\u00e4r som n\u00e4r man studerar ett konstverk p\u00e5 duk eller scen? Eller \u00e4r tolkningen redan f\u00f6rutbest\u00e4md?<\/p>\n<p><!--more--><br \/>\nSvar:<br \/>\nJag ser Corporate Storytelling som ett episkt ber\u00e4ttande d\u00e4r lyssnaren sj\u00e4lv drar sina slutsatser. Men det \u00e4r klart att om man v\u00e4ljer att sk\u00f6rda vad man kallar v\u00e4rderingst\u00f6djande och v\u00e4rderingsskildrande ber\u00e4ttelser s\u00e5 hoppas man ju att lyssnaren och senare traditionsb\u00e4raren ska uppfatta en sensmoral och en po\u00e4ng.<br \/>\nMan ska bli emotionellt f\u00e5ngad och sen tycka eller k\u00e4nna n\u00e5got.<br \/>\nTill skillnad fr\u00e5n siffer- och tabellbunden information &#8211; d\u00e4r man hoppas att fakta ska vara fakta punkt och slut &#8211; s\u00e5 kan Corporate Stories m\u00e5la upp en situation och en h\u00e4ndelse d\u00e4r lyssnaren sj\u00e4lv reagerar och drar sin slutsatser.<br \/>\nSumman av storyn och mottagarens k\u00e4nslor inf\u00f6r storyn \u00e4r s\u00e5 att s\u00e4ga energin som h\u00e4mtar kraft ur det subjektiva.<br \/>\nMan kan d\u00e4rf\u00f6r i storytellingsamanhang vara \u00f6verens om att n\u00e5got faktiskt har h\u00e4nt. Men p\u00e5 grund av olika intressen drar man kanske olika slutsatser av det som intr\u00e4ffade.<br \/>\nD\u00e5 kan storyn vara ett bra avstamp f\u00f6r vidare diskussion och utveckling.<br \/>\nDet subjektiva som ligger i att lyssnaren sj\u00e4lv fyller p\u00e5 med egna associationer och drar egna slutsatser inneb\u00e4r ocks\u00e5 ett emotionellt involverande. Det \u00e4r d\u00e4r mycket av energin i Corporate Storytelling ligger.<br \/>\nOm jag exempelvis som ledare vill f\u00f6rs\u00f6ka f\u00e5 ig\u00e5ng ett engagemang s\u00e5 kan storyn vara ett bra verktyg. Man kan d\u00e5 i organisationen utg\u00e5 fr\u00e5n gemensamma bilder av verkligheten men f\u00f6rh\u00e5lla sig till dessa bider p\u00e5 olika s\u00e4tt beroende p\u00e5 var p\u00e5 arenan man befinner sig.<br \/>\nDen episka och beskrivande formen g\u00f6r att man kan tala om h\u00e4ndelsen men kanske tycka olika om den.<br \/>\nDet \u00e4r s\u00e5nt som man diskuterar n\u00e4r man sysslar med strategin kring Corporate Storytelling. Det h\u00e4r \u00e4r i inledningen av ett projekt viktiga diskussioner att f\u00f6ra.<br \/>\nMan ska veta vad man letar efter och man ska ha klart f\u00f6r sig vad man hoppas att storyn ska g\u00f6ra f\u00f6r jobb i organisationen och i omv\u00e4rlden.<\/p>\n","protected":false},"excerpt":{"rendered":"<p>Fr\u00e5ga: Om man sysslar med f\u00f6retagsber\u00e4ttelser, som du talar om dem, kan lyssnaren d\u00e5 sj\u00e4lv subjektivt tolka det han\/hon ser eller h\u00f6r ungef\u00e4r som n\u00e4r man studerar ett konstverk p\u00e5 duk eller scen? Eller \u00e4r tolkningen redan f\u00f6rutbest\u00e4md?<\/p>\n","protected":false},"author":2,"featured_media":0,"comment_status":"open","ping_status":"closed","sticky":false,"template":"","format":"standard","meta":[],"categories":[6],"tags":[],"_links":{"self":[{"href":"https:\/\/storytellers.se\/index.php?rest_route=\/wp\/v2\/posts\/1070"}],"collection":[{"href":"https:\/\/storytellers.se\/index.php?rest_route=\/wp\/v2\/posts"}],"about":[{"href":"https:\/\/storytellers.se\/index.php?rest_route=\/wp\/v2\/types\/post"}],"author":[{"embeddable":true,"href":"https:\/\/storytellers.se\/index.php?rest_route=\/wp\/v2\/users\/2"}],"replies":[{"embeddable":true,"href":"https:\/\/storytellers.se\/index.php?rest_route=%2Fwp%2Fv2%2Fcomments&post=1070"}],"version-history":[{"count":0,"href":"https:\/\/storytellers.se\/index.php?rest_route=\/wp\/v2\/posts\/1070\/revisions"}],"wp:attachment":[{"href":"https:\/\/storytellers.se\/index.php?rest_route=%2Fwp%2Fv2%2Fmedia&parent=1070"}],"wp:term":[{"taxonomy":"category","embeddable":true,"href":"https:\/\/storytellers.se\/index.php?rest_route=%2Fwp%2Fv2%2Fcategories&post=1070"},{"taxonomy":"post_tag","embeddable":true,"href":"https:\/\/storytellers.se\/index.php?rest_route=%2Fwp%2Fv2%2Ftags&post=1070"}],"curies":[{"name":"wp","href":"https:\/\/api.w.org\/{rel}","templated":true}]}}