{"id":1068,"date":"2006-05-12T14:35:21","date_gmt":"2006-05-12T13:35:21","guid":{"rendered":"http:\/\/heijbel.wordpress.com\/2006\/05\/12\/475-av-5-mojliga"},"modified":"2006-05-12T14:35:21","modified_gmt":"2006-05-12T13:35:21","slug":"475-av-5-mojliga","status":"publish","type":"post","link":"https:\/\/storytellers.se\/?p=1068","title":{"rendered":"4,75 av 5 m\u00f6jliga"},"content":{"rendered":"<p>Utv\u00e4rderingen fr\u00e5n den senaste Corporate Storytellingkonferensen som arrangearades av IQPC i Stockholm 27 &#8211; 28 maj \u00e4r klar. Matts Heijbel fick kommentarer som medryckande och mycket entusiasmerande. 4,75 fick Matts p\u00e5 den femgradiga skalan d\u00e4r 5,0 \u00e4r det b\u00e4sta betyget. Matts Heijbel var moderator b\u00e5da dagarna och h\u00f6ll dessutom en egen l\u00e4ngre f\u00f6rel\u00e4sning.<\/p>\n","protected":false},"excerpt":{"rendered":"<p>Utv\u00e4rderingen fr\u00e5n den senaste Corporate Storytellingkonferensen som arrangearades av IQPC i Stockholm 27 &#8211; 28 maj \u00e4r klar. Matts Heijbel fick kommentarer som medryckande och mycket entusiasmerande. 4,75 fick Matts p\u00e5 den femgradiga skalan d\u00e4r 5,0 \u00e4r det b\u00e4sta betyget. Matts Heijbel var moderator b\u00e5da dagarna och h\u00f6ll dessutom en egen l\u00e4ngre f\u00f6rel\u00e4sning.<\/p>\n","protected":false},"author":2,"featured_media":0,"comment_status":"open","ping_status":"closed","sticky":false,"template":"","format":"standard","meta":[],"categories":[2],"tags":[],"_links":{"self":[{"href":"https:\/\/storytellers.se\/index.php?rest_route=\/wp\/v2\/posts\/1068"}],"collection":[{"href":"https:\/\/storytellers.se\/index.php?rest_route=\/wp\/v2\/posts"}],"about":[{"href":"https:\/\/storytellers.se\/index.php?rest_route=\/wp\/v2\/types\/post"}],"author":[{"embeddable":true,"href":"https:\/\/storytellers.se\/index.php?rest_route=\/wp\/v2\/users\/2"}],"replies":[{"embeddable":true,"href":"https:\/\/storytellers.se\/index.php?rest_route=%2Fwp%2Fv2%2Fcomments&post=1068"}],"version-history":[{"count":0,"href":"https:\/\/storytellers.se\/index.php?rest_route=\/wp\/v2\/posts\/1068\/revisions"}],"wp:attachment":[{"href":"https:\/\/storytellers.se\/index.php?rest_route=%2Fwp%2Fv2%2Fmedia&parent=1068"}],"wp:term":[{"taxonomy":"category","embeddable":true,"href":"https:\/\/storytellers.se\/index.php?rest_route=%2Fwp%2Fv2%2Fcategories&post=1068"},{"taxonomy":"post_tag","embeddable":true,"href":"https:\/\/storytellers.se\/index.php?rest_route=%2Fwp%2Fv2%2Ftags&post=1068"}],"curies":[{"name":"wp","href":"https:\/\/api.w.org\/{rel}","templated":true}]}}