{"id":1066,"date":"2006-05-11T10:54:36","date_gmt":"2006-05-11T09:54:36","guid":{"rendered":"http:\/\/heijbel.wordpress.com\/2006\/05\/11\/informationsforeningens-erfagrupp"},"modified":"2006-05-11T10:54:36","modified_gmt":"2006-05-11T09:54:36","slug":"informationsforeningens-erfagrupp","status":"publish","type":"post","link":"https:\/\/storytellers.se\/?p=1066","title":{"rendered":"Informationsf\u00f6reningens Erfagrupp"},"content":{"rendered":"<p>Den 17 oktober ska jag tala en timme hos Erfagrupp Varum\u00e4rke inom Sveriges Informationsf\u00f6rening. Seminariet blir power pointfritt och h\u00e5lls hos Essen International under rubriken &#8221;Corporate Storytelling &#8211; ett varum\u00e4rkesbyggande verktyg&#8221;.<\/p>\n","protected":false},"excerpt":{"rendered":"<p>Den 17 oktober ska jag tala en timme hos Erfagrupp Varum\u00e4rke inom Sveriges Informationsf\u00f6rening. Seminariet blir power pointfritt och h\u00e5lls hos Essen International under rubriken &#8221;Corporate Storytelling &#8211; ett varum\u00e4rkesbyggande verktyg&#8221;.<\/p>\n","protected":false},"author":2,"featured_media":0,"comment_status":"open","ping_status":"closed","sticky":false,"template":"","format":"standard","meta":[],"categories":[9],"tags":[],"_links":{"self":[{"href":"https:\/\/storytellers.se\/index.php?rest_route=\/wp\/v2\/posts\/1066"}],"collection":[{"href":"https:\/\/storytellers.se\/index.php?rest_route=\/wp\/v2\/posts"}],"about":[{"href":"https:\/\/storytellers.se\/index.php?rest_route=\/wp\/v2\/types\/post"}],"author":[{"embeddable":true,"href":"https:\/\/storytellers.se\/index.php?rest_route=\/wp\/v2\/users\/2"}],"replies":[{"embeddable":true,"href":"https:\/\/storytellers.se\/index.php?rest_route=%2Fwp%2Fv2%2Fcomments&post=1066"}],"version-history":[{"count":0,"href":"https:\/\/storytellers.se\/index.php?rest_route=\/wp\/v2\/posts\/1066\/revisions"}],"wp:attachment":[{"href":"https:\/\/storytellers.se\/index.php?rest_route=%2Fwp%2Fv2%2Fmedia&parent=1066"}],"wp:term":[{"taxonomy":"category","embeddable":true,"href":"https:\/\/storytellers.se\/index.php?rest_route=%2Fwp%2Fv2%2Fcategories&post=1066"},{"taxonomy":"post_tag","embeddable":true,"href":"https:\/\/storytellers.se\/index.php?rest_route=%2Fwp%2Fv2%2Ftags&post=1066"}],"curies":[{"name":"wp","href":"https:\/\/api.w.org\/{rel}","templated":true}]}}